{"id":7357,"date":"2021-01-20T09:08:29","date_gmt":"2021-01-20T12:08:29","guid":{"rendered":"http:\/\/dgospel.com.br\/portal\/?p=7357"},"modified":"2021-01-20T09:08:31","modified_gmt":"2021-01-20T12:08:31","slug":"prefeitura-de-palmas-recebe-3-331-doses-da-vacina-contra-a-covid-19","status":"publish","type":"post","link":"https:\/\/dgospel.com.br\/portal\/index.php\/2021\/01\/20\/prefeitura-de-palmas-recebe-3-331-doses-da-vacina-contra-a-covid-19\/","title":{"rendered":"Prefeitura de Palmas recebe 3.331 doses da vacina contra a Covid-19"},"content":{"rendered":"\n<p>A Prefeitura de Palmas dar\u00e1 in\u00edcio \u00e0 vacina\u00e7\u00e3o contra a Covid-19 nesta quarta-feira, 20, com a imuniza\u00e7\u00e3o dos profissionais da sa\u00fade que atuam na linha de frente no combate \u00e0 doen\u00e7a. No final da tarde de ontem, a secret\u00e1ria municipal da Sa\u00fade, Val\u00e9ria Paranagu\u00e1, recebeu do Governo do Estado as caixas contendo 3.331 doses destinadas para a Capital. A entrega foi feita pela superintendente de Vigil\u00e2ncia em Sa\u00fade do Tocantins, Perciliana Bezerra. Al\u00e9m das doses da vacina, foram entregues as agulhas e seringas correspondentes ao quantitativo que ser\u00e1 utilizado na primeira aplica\u00e7\u00e3o do imunizante.<\/p>\n\n\n\n<p>&#8220;Essas vacinas fazem parte do Plano Municipal de Vacina\u00e7\u00e3o. Come\u00e7aremos a vacinar a partir de amanh\u00e3 o nosso grupo priorit\u00e1rio que foi definido pelo Minist\u00e9rio da Sa\u00fade. Infelizmente, devido \u00e0 quantidade, precisamos priorizar esse p\u00fablico, que s\u00e3o os idosos nos asilos e os trabalhadores de sa\u00fade no enfrentamento da Covid-19&#8221;, explicou a secret\u00e1ria Val\u00e9ria Paranagu\u00e1.<\/p>\n\n\n\n<p>Em raz\u00e3o da restri\u00e7\u00e3o do p\u00fablico que receber\u00e1 a vacina neste primeiro momento, a Semus decidiu n\u00e3o instalar pontos de vacina\u00e7\u00e3o da Covid-19, a fim de evitar o deslocamento desnecess\u00e1rio e a concentra\u00e7\u00e3o de p\u00fablicos que n\u00e3o est\u00e3o contemplados nesta fase. As vacinas ser\u00e3o aplicadas nas pr\u00f3prias unidades de sa\u00fade onde os profissionais do grupo priorit\u00e1rio est\u00e3o lotados, como forma de dar comodidade aos que ser\u00e3o imunizados.<\/p>\n\n\n\n<p>Al\u00e9m de parte dos servidores municipais da Sa\u00fade, a Semus tamb\u00e9m vacinar\u00e1 profissionais da sa\u00fade que atuam na linha de frente nos hospitais estaduais e particulares, conforme rela\u00e7\u00e3o de trabalhadores enviada ao Munic\u00edpio pelos estabelecimentos de sa\u00fade e, ainda, condicionado \u00e0 disponibilidade de doses.<\/p>\n\n\n\n<p>&#8220;A rede de sa\u00fade de Palmas est\u00e1 preparada para iniciar o Plano Municipal de Imuniza\u00e7\u00e3o. Cumpriremos com muita responsabilidade essa etapa de vacina\u00e7\u00e3o, na expectativa de que mais doses cheguem, para que possamos ampliar o n\u00famero de pessoas imunizadas, pois sabemos o quanto a vacina \u00e9 importante para conter o avan\u00e7o e minimizar os efeitos do coronav\u00edrus\u201d, disse a prefeita de Palmas, Cinthia Ribeiro, refor\u00e7ando aos palmenses: \u201cVale lembrar que os cuidados para evitar a contamina\u00e7\u00e3o continuam. Pedimos \u00e0 popula\u00e7\u00e3o que n\u00e3o promovam aglomera\u00e7\u00f5es, mantenham distanciamento social, usem m\u00e1scara e \u00e1lcool em gel&#8221;.<\/p>\n\n\n\n<p>Dentro de 21 dias, est\u00e1 previsto o repasse de outras 3.331 doses da vacina, correspondentes \u00e0 segunda aplica\u00e7\u00e3o do imunizante contra Covid-19, respeitando o intervalo de 28 dias recomendado entre a primeira e a segunda aplica\u00e7\u00e3o.<\/p>\n","protected":false},"excerpt":{"rendered":"<p>A Prefeitura de Palmas dar\u00e1 in\u00edcio \u00e0 vacina\u00e7\u00e3o contra a Covid-19 nesta quarta-feira, 20, com a imuniza\u00e7\u00e3o dos profissionais da sa\u00fade que atuam na linha de frente no combate \u00e0 doen\u00e7a. No final da tarde de ontem, a secret\u00e1ria municipal da Sa\u00fade, Val\u00e9ria Paranagu\u00e1, recebeu do Governo do Estado as caixas contendo 3.331 doses destinadas [&hellip;]<\/p>\n","protected":false},"author":2,"featured_media":7358,"comment_status":"open","ping_status":"open","sticky":false,"template":"","format":"standard","meta":[],"categories":[3],"tags":[13],"_links":{"self":[{"href":"https:\/\/dgospel.com.br\/portal\/index.php\/wp-json\/wp\/v2\/posts\/7357"}],"collection":[{"href":"https:\/\/dgospel.com.br\/portal\/index.php\/wp-json\/wp\/v2\/posts"}],"about":[{"href":"https:\/\/dgospel.com.br\/portal\/index.php\/wp-json\/wp\/v2\/types\/post"}],"author":[{"embeddable":true,"href":"https:\/\/dgospel.com.br\/portal\/index.php\/wp-json\/wp\/v2\/users\/2"}],"replies":[{"embeddable":true,"href":"https:\/\/dgospel.com.br\/portal\/index.php\/wp-json\/wp\/v2\/comments?post=7357"}],"version-history":[{"count":1,"href":"https:\/\/dgospel.com.br\/portal\/index.php\/wp-json\/wp\/v2\/posts\/7357\/revisions"}],"predecessor-version":[{"id":7359,"href":"https:\/\/dgospel.com.br\/portal\/index.php\/wp-json\/wp\/v2\/posts\/7357\/revisions\/7359"}],"wp:featuredmedia":[{"embeddable":true,"href":"https:\/\/dgospel.com.br\/portal\/index.php\/wp-json\/wp\/v2\/media\/7358"}],"wp:attachment":[{"href":"https:\/\/dgospel.com.br\/portal\/index.php\/wp-json\/wp\/v2\/media?parent=7357"}],"wp:term":[{"taxonomy":"category","embeddable":true,"href":"https:\/\/dgospel.com.br\/portal\/index.php\/wp-json\/wp\/v2\/categories?post=7357"},{"taxonomy":"post_tag","embeddable":true,"href":"https:\/\/dgospel.com.br\/portal\/index.php\/wp-json\/wp\/v2\/tags?post=7357"}],"curies":[{"name":"wp","href":"https:\/\/api.w.org\/{rel}","templated":true}]}}