{"id":7369,"date":"2021-01-20T11:13:28","date_gmt":"2021-01-20T14:13:28","guid":{"rendered":"http:\/\/dgospel.com.br\/portal\/?p=7369"},"modified":"2021-01-20T11:13:29","modified_gmt":"2021-01-20T14:13:29","slug":"eleicao-da-nova-mesa-diretora-da-camara-dos-deputados-sera-presencial-e-no-dia-1o-de-fevereiro","status":"publish","type":"post","link":"https:\/\/dgospel.com.br\/portal\/index.php\/2021\/01\/20\/eleicao-da-nova-mesa-diretora-da-camara-dos-deputados-sera-presencial-e-no-dia-1o-de-fevereiro\/","title":{"rendered":"Elei\u00e7\u00e3o da nova Mesa Diretora da C\u00e2mara dos deputados ser\u00e1 presencial e no dia 1\u00ba de fevereiro"},"content":{"rendered":"\n<p>A Mesa Diretora decidiu nesta segunda-feira (18) que a elei\u00e7\u00e3o para o comando da Casa ser\u00e1 presencial para todos os deputados \u2013 sem possibilidade de vota\u00e7\u00e3o remota para os deputados do grupo de risco \u2013 e acontecer\u00e1 no dia 1\u00ba de fevereiro, provavelmente \u00e0 noite.<\/p>\n\n\n\n<p>A informa\u00e7\u00e3o foi dada pelo presidente da Casa, <a href=\"https:\/\/www.camara.leg.br\/deputados\/74693\">Rodrigo Maia (DEM-RJ)<\/a>, que foi voto vencido na reuni\u00e3o. Ele defendeu a possibilidade de os deputados do grupo de risco votarem remotamente. Maia tamb\u00e9m queria que a elei\u00e7\u00e3o fosse realizada no dia 2.<\/p>\n\n\n\n<p>O relator dessa quest\u00e3o, deputado <a href=\"https:\/\/www.camara.leg.br\/deputados\/74158\">M\u00e1rio Heringer (PDT-MG)<\/a>, havia proposto flexibilizar a vota\u00e7\u00e3o para os deputados e deputadas que se encontram no grupo de risco, mas a maioria dos integrantes da Mesa foi contra.<\/p>\n\n\n\n<p>Segundo Maia, no dia da elei\u00e7\u00e3o, est\u00e1 prevista a circula\u00e7\u00e3o de aproximadamente 3 mil pessoas no pr\u00e9dio da C\u00e2mara, em um momento de aumento da segunda onda. &#8220;Os pr\u00e9dios s\u00e3o de pouca circula\u00e7\u00e3o. Quanto menor a circula\u00e7\u00e3o de ar, maior o risco de contamina\u00e7\u00e3o. Por isso, defendemos a vota\u00e7\u00e3o remota para proteger deputados e deputadas e os funcion\u00e1rios da Casa, j\u00e1 que fizemos elei\u00e7\u00e3o de um integrante da Mesa de forma remota e entend\u00edamos que n\u00e3o tinha problema, mas a Mesa \u00e9 soberana. Eu queria registrar meu voto para a opini\u00e3o p\u00fablica. Quando tratamos de vidas, temos que ter cuidados&#8221;, afirmou Maia.<\/p>\n\n\n\n<p><strong>Impeachment e CPI<br>\n        <\/strong>Questionado sobre os pedidos de impeachment do presidente Jair Bolsonaro, que dependem do seu despacho (de Maia) para prosseguir, Maia afirmou que o momento atual n\u00e3o \u00e9 de discuss\u00e3o do impeachment e que o foco do Parlamento precisa ser o combate \u00e0 pandemia e seus efeitos sociais e econ\u00f4micos.<\/p>\n\n\n\n<p>Mas ressaltou que essa pode ser uma pauta futura. Ele destacou que n\u00e3o h\u00e1 como fugir da investiga\u00e7\u00e3o, por meio de uma Comiss\u00e3o Parlamentar de Inqu\u00e9rito (CPI), sobre a desorganiza\u00e7\u00e3o na gest\u00e3o da sa\u00fade no per\u00edodo da pandemia. &#8220;\u00c9 inevit\u00e1vel que tenhamos uma CPI da C\u00e2mara ou do Congresso, mais \u00e0 frente. Certamente, essa investiga\u00e7\u00e3o vai chegar aos respons\u00e1veis por toda essa desorganiza\u00e7\u00e3o, falta de log\u00edstica&#8221;, disse o presidente.<\/p>\n\n\n\n<p>Rodrigo Maia criticou ainda a falta de planejamento do governo federal no combate \u00e0 pandemia. Ele citou o exemplo de um laborat\u00f3rio que prop\u00f4s ao governo parceria para compra de vacinas, mas n\u00e3o teve sequer o e-mail respondido.<\/p>\n\n\n\n<p>&#8220;O presidente Bolsonaro faz uma narrativa de que o Supremo tirou o poder do governo federal. O Supremo deixou claro que a coordena\u00e7\u00e3o era do governo federal. Um laborat\u00f3rio mandou e-mails sobre imuniza\u00e7\u00e3o e n\u00e3o teve resposta. O governo n\u00e3o acreditava nesse tema da vacina&#8221;, afirmou.<\/p>\n\n\n\n<p><strong>Convoca\u00e7\u00e3o<\/strong><br>\n        Maia tamb\u00e9m cobrou mais uma vez uma decis\u00e3o do senador Davi Alcolumbre, para convocar a Comiss\u00e3o Representativa do Congresso Nacional. Segundo Rodrigo Maia, os parlamentares estariam cumprindo o seu papel de legislar e fiscalizar o Executivo.&nbsp; &#8220;Um bom ambiente, menor, sem o vi\u00e9s pol\u00edtico. O importante era o Parlamento estar trabalhando, convidando ministros, especialistas, t\u00e9cnicos&#8221;, disse.<\/p>\n\n\n\n<p>Fonte: Ag\u00eancia C\u00e2mara de Not\u00edcias<\/p>\n","protected":false},"excerpt":{"rendered":"<p>A Mesa Diretora decidiu nesta segunda-feira (18) que a elei\u00e7\u00e3o para o comando da Casa ser\u00e1 presencial para todos os deputados \u2013 sem possibilidade de vota\u00e7\u00e3o remota para os deputados do grupo de risco \u2013 e acontecer\u00e1 no dia 1\u00ba de fevereiro, provavelmente \u00e0 noite. A informa\u00e7\u00e3o foi dada pelo presidente da Casa, Rodrigo Maia [&hellip;]<\/p>\n","protected":false},"author":2,"featured_media":7370,"comment_status":"open","ping_status":"open","sticky":false,"template":"","format":"standard","meta":[],"categories":[8],"tags":[14],"_links":{"self":[{"href":"https:\/\/dgospel.com.br\/portal\/index.php\/wp-json\/wp\/v2\/posts\/7369"}],"collection":[{"href":"https:\/\/dgospel.com.br\/portal\/index.php\/wp-json\/wp\/v2\/posts"}],"about":[{"href":"https:\/\/dgospel.com.br\/portal\/index.php\/wp-json\/wp\/v2\/types\/post"}],"author":[{"embeddable":true,"href":"https:\/\/dgospel.com.br\/portal\/index.php\/wp-json\/wp\/v2\/users\/2"}],"replies":[{"embeddable":true,"href":"https:\/\/dgospel.com.br\/portal\/index.php\/wp-json\/wp\/v2\/comments?post=7369"}],"version-history":[{"count":1,"href":"https:\/\/dgospel.com.br\/portal\/index.php\/wp-json\/wp\/v2\/posts\/7369\/revisions"}],"predecessor-version":[{"id":7371,"href":"https:\/\/dgospel.com.br\/portal\/index.php\/wp-json\/wp\/v2\/posts\/7369\/revisions\/7371"}],"wp:featuredmedia":[{"embeddable":true,"href":"https:\/\/dgospel.com.br\/portal\/index.php\/wp-json\/wp\/v2\/media\/7370"}],"wp:attachment":[{"href":"https:\/\/dgospel.com.br\/portal\/index.php\/wp-json\/wp\/v2\/media?parent=7369"}],"wp:term":[{"taxonomy":"category","embeddable":true,"href":"https:\/\/dgospel.com.br\/portal\/index.php\/wp-json\/wp\/v2\/categories?post=7369"},{"taxonomy":"post_tag","embeddable":true,"href":"https:\/\/dgospel.com.br\/portal\/index.php\/wp-json\/wp\/v2\/tags?post=7369"}],"curies":[{"name":"wp","href":"https:\/\/api.w.org\/{rel}","templated":true}]}}