{"id":737,"date":"2018-07-10T09:04:23","date_gmt":"2018-07-10T12:04:23","guid":{"rendered":"http:\/\/dgospel.com.br\/portal\/?p=737"},"modified":"2018-07-10T09:04:23","modified_gmt":"2018-07-10T12:04:23","slug":"senador-ataides-participa-de-posse-de-mauro-carlesse-ao-governo-do-estado","status":"publish","type":"post","link":"https:\/\/dgospel.com.br\/portal\/index.php\/2018\/07\/10\/senador-ataides-participa-de-posse-de-mauro-carlesse-ao-governo-do-estado\/","title":{"rendered":"Senador Ata\u00eddes participa de posse de Mauro Carlesse ao governo do Estado"},"content":{"rendered":"<p>O senador Ata\u00eddes Oliveira (PSDB) participou na manh\u00e3 desta segunda-feira, 9, da sess\u00e3o de posse de Mauro Carlesse (PHS) como governador e de Vanderlei Barbosa (PHS) como vice-governador. Na mesma cerim\u00f4nia, a deputada Luana Ribeiro (PSDB) tomou posso na presid\u00eancia da Assembleia Legislativa, cargo ocupado por Carlesse anteriormente.<\/p>\n<p>Ao comentar a rela\u00e7\u00e3o institucional com o governo, Ata\u00eddes disse acreditar que Carlesse ter\u00e1 grande responsabilidade \u00e0 frente do Executivo. \u201cDiante da crise econ\u00f4mico-financeira que o Tocantins est\u00e1 atravessando, o governador tem uma grande miss\u00e3o pela frente: garantir a estabilidade e a seguran\u00e7a pol\u00edtica do Estado. Cabe a n\u00f3s, parlamentares, estarmos ao lado dele neste momento\u201d, afirmou.<\/p>\n<p>Bastante concorrida, a sess\u00e3o solene contou com representantes dos poderes Executivo, Legislativo e Judici\u00e1rio, al\u00e9m de representantes de \u00f3rg\u00e3os de controle, OAB\/TO e de entidades representativas do Estado. Eleito em segundo turno na elei\u00e7\u00e3o suplementar, Carlesse fica em mandato-tamp\u00e3o at\u00e9 31 de dezembro. (Assessoria de Imprensa do senador Ata\u00eddes Oliveira).<\/p>\n<p>&nbsp;<\/p>\n<p>Palmas, 9 de julho de 2018<\/p>\n<p>Senador Ata\u00eddes participa de posse de Mauro Carlesse ao governo do Estado<\/p>\n<p>O senador Ata\u00eddes Oliveira (PSDB) participou na manh\u00e3 desta segunda-feira,<\/p>\n<p>9, \u00a0\u00a0da \u00a0\u00a0sess\u00e3o \u00a0\u00a0de \u00a0\u00a0posse \u00a0\u00a0de \u00a0\u00a0Mauro \u00a0\u00a0Carlesse \u00a0\u00a0(PHS) \u00a0\u00a0como \u00a0\u00a0governador \u00a0\u00a0e \u00a0\u00a0de<\/p>\n<p>Vanderlei \u00a0\u00a0Barbosa \u00a0\u00a0(PHS) \u00a0\u00a0como \u00a0\u00a0vice-governador. \u00a0\u00a0Na \u00a0\u00a0mesma \u00a0\u00a0cerim\u00f4nia, \u00a0\u00a0a<\/p>\n<p>deputada Luana Ribeiro (PSDB) tomou posso na presid\u00eancia da Assembleia<\/p>\n<p>Legislativa, cargo ocupado por Carlesse anteriormente.<\/p>\n<p>Ao comentar a rela\u00e7\u00e3o institucional com o governo, Ata\u00eddes disse acreditar que<\/p>\n<p>Carlesse ter\u00e1 grande responsabilidade \u00e0 frente do Executivo. \u201cDiante da crise<\/p>\n<p>econ\u00f4mico-financeira \u00a0que \u00a0o \u00a0Tocantins est\u00e1 \u00a0atravessando, o \u00a0governador \u00a0tem<\/p>\n<p>uma grande miss\u00e3o pela frente: garantir a estabilidade e a seguran\u00e7a pol\u00edtica<\/p>\n<p>do Estado. Cabe a n\u00f3s, parlamentares, estarmos ao lado dele neste momento\u201d,<\/p>\n<p>afirmou.<\/p>\n<p>Bastante concorrida, a sess\u00e3o solene contou com representantes dos poderes<\/p>\n<p>Executivo, \u00a0\u00a0Legislativo \u00a0\u00a0e \u00a0\u00a0Judici\u00e1rio, \u00a0\u00a0al\u00e9m \u00a0\u00a0de \u00a0\u00a0representantes \u00a0\u00a0de \u00a0\u00a0\u00f3rg\u00e3os \u00a0\u00a0de<\/p>\n<p>controle, \u00a0\u00a0OAB\/TO \u00a0\u00a0e \u00a0\u00a0de \u00a0\u00a0entidades \u00a0\u00a0representativas \u00a0\u00a0do \u00a0\u00a0Estado. \u00a0\u00a0Eleito \u00a0\u00a0em<\/p>\n<p>segundo turno na elei\u00e7\u00e3o suplementar, Carlesse fica em mandato-tamp\u00e3o at\u00e9<\/p>\n<p>31 de dezembro. (Assessoria de Imprensa do senador Ata\u00eddes Oliveira).<\/p>\n<p>Palmas, 9 de julho de 2018<\/p>\n<p>Senador Ata\u00eddes participa de posse de Mauro Carlesse ao governo do Estado<\/p>\n<p>O senador Ata\u00eddes Oliveira (PSDB) participou na manh\u00e3 desta segunda-feira,<\/p>\n<p>9, \u00a0\u00a0da \u00a0\u00a0sess\u00e3o \u00a0\u00a0de \u00a0\u00a0posse \u00a0\u00a0de \u00a0\u00a0Mauro \u00a0\u00a0Carlesse \u00a0\u00a0(PHS) \u00a0\u00a0como \u00a0\u00a0governador \u00a0\u00a0e \u00a0\u00a0de<\/p>\n<p>Vanderlei \u00a0\u00a0Barbosa \u00a0\u00a0(PHS) \u00a0\u00a0como \u00a0\u00a0vice-governador. \u00a0\u00a0Na \u00a0\u00a0mesma \u00a0\u00a0cerim\u00f4nia, \u00a0\u00a0a<\/p>\n<p>deputada Luana Ribeiro (PSDB) tomou posso na presid\u00eancia da Assembleia<\/p>\n<p>Legislativa, cargo ocupado por Carlesse anteriormente.<\/p>\n<p>Ao comentar a rela\u00e7\u00e3o institucional com o governo, Ata\u00eddes disse acreditar que<\/p>\n<p>Carlesse ter\u00e1 grande responsabilidade \u00e0 frente do Executivo. \u201cDiante da crise<\/p>\n<p>econ\u00f4mico-financeira \u00a0que \u00a0o \u00a0Tocantins est\u00e1 \u00a0atravessando, o \u00a0governador \u00a0tem<\/p>\n<p>uma grande miss\u00e3o pela frente: garantir a estabilidade e a seguran\u00e7a pol\u00edtica<\/p>\n<p>do Estado. Cabe a n\u00f3s, parlamentares, estarmos ao lado dele neste momento\u201d,<\/p>\n<p>afirmou.<\/p>\n<p>Bastante concorrida, a sess\u00e3o solene contou com representantes dos poderes<\/p>\n<p>Executivo, \u00a0\u00a0Legislativo \u00a0\u00a0e \u00a0\u00a0Judici\u00e1rio, \u00a0\u00a0al\u00e9m \u00a0\u00a0de \u00a0\u00a0representantes \u00a0\u00a0de \u00a0\u00a0\u00f3rg\u00e3os \u00a0\u00a0de<\/p>\n<p>controle, \u00a0\u00a0OAB\/TO \u00a0\u00a0e \u00a0\u00a0de \u00a0\u00a0entidades \u00a0\u00a0representativas \u00a0\u00a0do \u00a0\u00a0Estado. \u00a0\u00a0Eleito \u00a0\u00a0em<\/p>\n<p>segundo turno na elei\u00e7\u00e3o suplementar, Carlesse fica em mandato-tamp\u00e3o at\u00e9<\/p>\n<p>31 de dezembro. (Assessoria de Imprensa do senador Ata\u00eddes Oliveira).<\/p>\n<p>&nbsp;<\/p>\n","protected":false},"excerpt":{"rendered":"<p>O senador Ata\u00eddes Oliveira (PSDB) participou na manh\u00e3 desta segunda-feira, 9, da sess\u00e3o de posse de Mauro Carlesse (PHS) como governador e de Vanderlei Barbosa (PHS) como vice-governador. Na mesma cerim\u00f4nia, a deputada Luana Ribeiro (PSDB) tomou posso na presid\u00eancia da Assembleia Legislativa, cargo ocupado por Carlesse anteriormente. Ao comentar a rela\u00e7\u00e3o institucional com o [&hellip;]<\/p>\n","protected":false},"author":2,"featured_media":738,"comment_status":"open","ping_status":"open","sticky":false,"template":"","format":"standard","meta":[],"categories":[2,4],"tags":[],"_links":{"self":[{"href":"https:\/\/dgospel.com.br\/portal\/index.php\/wp-json\/wp\/v2\/posts\/737"}],"collection":[{"href":"https:\/\/dgospel.com.br\/portal\/index.php\/wp-json\/wp\/v2\/posts"}],"about":[{"href":"https:\/\/dgospel.com.br\/portal\/index.php\/wp-json\/wp\/v2\/types\/post"}],"author":[{"embeddable":true,"href":"https:\/\/dgospel.com.br\/portal\/index.php\/wp-json\/wp\/v2\/users\/2"}],"replies":[{"embeddable":true,"href":"https:\/\/dgospel.com.br\/portal\/index.php\/wp-json\/wp\/v2\/comments?post=737"}],"version-history":[{"count":1,"href":"https:\/\/dgospel.com.br\/portal\/index.php\/wp-json\/wp\/v2\/posts\/737\/revisions"}],"predecessor-version":[{"id":739,"href":"https:\/\/dgospel.com.br\/portal\/index.php\/wp-json\/wp\/v2\/posts\/737\/revisions\/739"}],"wp:featuredmedia":[{"embeddable":true,"href":"https:\/\/dgospel.com.br\/portal\/index.php\/wp-json\/wp\/v2\/media\/738"}],"wp:attachment":[{"href":"https:\/\/dgospel.com.br\/portal\/index.php\/wp-json\/wp\/v2\/media?parent=737"}],"wp:term":[{"taxonomy":"category","embeddable":true,"href":"https:\/\/dgospel.com.br\/portal\/index.php\/wp-json\/wp\/v2\/categories?post=737"},{"taxonomy":"post_tag","embeddable":true,"href":"https:\/\/dgospel.com.br\/portal\/index.php\/wp-json\/wp\/v2\/tags?post=737"}],"curies":[{"name":"wp","href":"https:\/\/api.w.org\/{rel}","templated":true}]}}