{"id":7372,"date":"2021-01-20T11:16:20","date_gmt":"2021-01-20T14:16:20","guid":{"rendered":"http:\/\/dgospel.com.br\/portal\/?p=7372"},"modified":"2021-01-20T11:16:22","modified_gmt":"2021-01-20T14:16:22","slug":"quatro-senadores-disputam-a-presidencia-do-senado-em-fevereiro","status":"publish","type":"post","link":"https:\/\/dgospel.com.br\/portal\/index.php\/2021\/01\/20\/quatro-senadores-disputam-a-presidencia-do-senado-em-fevereiro\/","title":{"rendered":"Quatro senadores disputam a Presid\u00eancia do Senado em fevereiro"},"content":{"rendered":"\n<p>Quatro senadores disputam a Presid\u00eancia do Senado para os pr\u00f3ximos dois anos, com elei\u00e7\u00e3o prevista para o in\u00edcio de fevereiro. Anunciaram as candidaturas Simone Tebet (MDB-MS), Rodrigo Pacheco (DEM-MG), Major Olimpio (PSL-SP) e Jorge Kajuru (Cidadania-GO). Novas candidaturas podem ser apresentadas at\u00e9 o dia da elei\u00e7\u00e3o.<\/p>\n\n\n\n<p>O MDB lan\u00e7ou no \u00faltimo dia 12 o nome da senadora Simone Tebet para concorrer ao cargo. Atual presidente da Comiss\u00e3o de Constitui\u00e7\u00e3o, Justi\u00e7a e Cidadania (CCJ), se eleita, ela ser\u00e1 a primeira mulher a presidir o Senado e o Congresso Nacional. A senadora defende a harmonia entre os Poderes, o fortalecimento das institui\u00e7\u00f5es e o papel decisivo do Legislativo.<\/p>\n\n\n\n<p>\u2014 Nos momentos mais dif\u00edceis da nossa hist\u00f3ria, o Senado Federal e o Congresso Nacional acharam a sa\u00edda dentro das institui\u00e7\u00f5es, dentro da democracia e do estado democr\u00e1tico de direito e agora n\u00e3o vai ser diferente \u2014 afirmou a senadora, que disse receber a miss\u00e3o como um projeto n\u00e3o s\u00f3 do MDB, mas tamb\u00e9m do Senado e do Brasil.<\/p>\n\n\n\n<p>Nesta ter\u00e7a-feira (19), foi anunciada a organiza\u00e7\u00e3o de uma nova Frente Democr\u00e1tica com Simone Tebet e Baleia Rossi (MDB-SP), que unificam o discurso dos candidatos independentes, fazendo com que as bancadas do MDB das duas Casas atuem juntos a partir de agora.<\/p>\n\n\n\n<p>A senadora tem os votos da bancada do MDB, mais o apoio declarado de senadores do Cidadania, Podemos e PSDB, entre eles os votos individuais de Lasier Martins (Podemos-RS), Oriovisto Guimar\u00e3es (Podemos-PR), Jos\u00e9 Serra (PSDB-SP)&nbsp;e Mara Gabrilli (PSDB-SP), entre outros.&nbsp;<\/p>\n\n\n\n<p>Simone Tebet \u00e9 advogada e filha do ex-presidente do Senado Ramez Tebet (1936-2006). Ela iniciou a carreira pol\u00edtica em 2002, como deputada estadual, ap\u00f3s trabalhar 12 anos como professora universit\u00e1ria. Em 2004, foi a primeira mulher eleita para o executivo municipal e em 2008 foi reeleita para a prefeitura de Tr\u00eas Lagoas (MS). Tamb\u00e9m foi a primeira mulher a assumir o cargo de vice-governadora de Mato Grosso do Sul, na gest\u00e3o do ent\u00e3o governador Andr\u00e9 Puccinelli, em 2011. Foi ainda Secret\u00e1ria de Governo entre abril de 2013 e janeiro de 2014.<\/p>\n\n\n\n<h3><strong>Rodrigo Pacheco<\/strong><\/h3>\n\n\n\n<p>Rodrigo Pacheco lan\u00e7ou sua candidatura nesta ter\u00e7a-feira por meio de um manifesto em que se compromete, entre outras coisas, a garantir as liberdades, a democracia, as estabilidades social, pol\u00edtica e econ\u00f4mica do Brasil, bem como a seguran\u00e7a jur\u00eddica, a \u00e9tica e a moralidade p\u00fablica, com respeito \u00e0s leis e \u00e0 Constitui\u00e7\u00e3o.<\/p>\n\n\n\n<p>O senador ainda defende a unifica\u00e7\u00e3o das institui\u00e7\u00f5es pelo bem comum, a pacifica\u00e7\u00e3o da sociedade e a independ\u00eancia do Senado. Outro compromisso assumido foi o atendimento \u00e0 crise sanit\u00e1ria do pa\u00eds em decorr\u00eancia da covid-19.<\/p>\n\n\n\n<p>&#8220;Ter como foco imediato da atua\u00e7\u00e3o legislativa do Senado Federal, em virtude da pandemia e de seus graves reflexos, o trin\u00f4mio: sa\u00fade p\u00fablica \u2013 crescimento econ\u00f4mico \u2013 desenvolvimento social, com o objetivo de preservar vidas humanas, socorrer os mais vulner\u00e1veis e gerar emprego, renda e oportunidades aos brasileiros e brasileiras, sem preju\u00edzo de outras mat\u00e9rias de igual relev\u00e2ncia, que merecer\u00e3o, a seu tempo, aten\u00e7\u00e3o e prioridade&#8221;.<\/p>\n\n\n\n<p>O senador tem 44 anos, \u00e9 advogado e foi o mais jovem conselheiro federal da Ordem dos Advogados do Brasil, entre 2013 e 2015. Cumpriu um mandato como deputado federal por Minas Gerais (2015-2019) e foi presidente da Comiss\u00e3o e Constitui\u00e7\u00e3o e Justi\u00e7a da C\u00e2mara. No Senado, tamb\u00e9m atuou como vice-presidente da Comiss\u00e3o de Transpar\u00eancia e Governan\u00e7a (CTFC).<\/p>\n\n\n\n<p>Rodrigo Pacheco j\u00e1 recebeu o apoio formal de nove partidos: DEM, PT, PP, PL, PSD, PSC, PDT, Pros e Republicanos.<\/p>\n\n\n\n<h3><strong>Major Olimpio<\/strong><\/h3>\n\n\n\n<p>O senador Major Olimpio anunciou que concorre \u00e0 presid\u00eancia do Senado. Ele justifica sua candidatura por entender que o presidente da Rep\u00fablica, Jair Bolsonaro, tem se aproximado do PT, que apoia a candidatura de Rodrigo Pacheco.<\/p>\n\n\n\n<p>O parlamentar espera contar com o apoio do grupo que comp\u00f5em o Muda Senado, mas reconhece que tem poucas chances.<\/p>\n\n\n\n<p>\u201cVou disputar a elei\u00e7\u00e3o para presidente do Senado com a mesma sensa\u00e7\u00e3o do time que entra em campo sabendo que o advers\u00e1rio tem vantagens (cargos e emendas) e tem o juiz como seu parceiro\u201d, declarou em nota.<\/p>\n\n\n\n<h3><strong>Kajuru<\/strong><\/h3>\n\n\n\n<p>O senador Kajuru anunciou que tamb\u00e9m est\u00e1 na disputa pela presid\u00eancia, mas adiantou que vai apoiar a candidatura de Simone Tebet.<\/p>\n\n\n\n<p>De acordo com o senador, seu nome foi lan\u00e7ado como forma de \u201cmarcar posi\u00e7\u00e3o\u201d em pronunciamento que far\u00e1 no dia da elei\u00e7\u00e3o como protesto \u00e0 atual Presid\u00eancia do Senado.<\/p>\n\n\n\n<p>&nbsp;\u2014 Quando terminar eu direi o seguinte: n\u00e3o sou candidato, voc\u00eas a\u00ed podem ter melhores qualidades do que eu, mas voc\u00eas n\u00e3o t\u00eam uma qualidade que eu tenho: chama-se coragem&nbsp;\u2014 afirmou.<\/p>\n\n\n\n<h3><strong>Rito<\/strong><\/h3>\n\n\n\n<p>Por causa dos riscos de contamina\u00e7\u00e3o da pandemia de covid-19, o presidente do Senado, Davi Alcolumbre, dever\u00e1 anunciar nos pr\u00f3ximos dias a data e hor\u00e1rio da elei\u00e7\u00e3o da Mesa, ap\u00f3s reuni\u00e3o com os servidores para avaliar os preparativos necess\u00e1rios.<\/p>\n\n\n\n<p>Fonte: Ag\u00eancia Senado<\/p>\n","protected":false},"excerpt":{"rendered":"<p>Quatro senadores disputam a Presid\u00eancia do Senado para os pr\u00f3ximos dois anos, com elei\u00e7\u00e3o prevista para o in\u00edcio de fevereiro. Anunciaram as candidaturas Simone Tebet (MDB-MS), Rodrigo Pacheco (DEM-MG), Major Olimpio (PSL-SP) e Jorge Kajuru (Cidadania-GO). Novas candidaturas podem ser apresentadas at\u00e9 o dia da elei\u00e7\u00e3o. O MDB lan\u00e7ou no \u00faltimo dia 12 o nome [&hellip;]<\/p>\n","protected":false},"author":2,"featured_media":7373,"comment_status":"open","ping_status":"open","sticky":false,"template":"","format":"standard","meta":[],"categories":[8,4],"tags":[],"_links":{"self":[{"href":"https:\/\/dgospel.com.br\/portal\/index.php\/wp-json\/wp\/v2\/posts\/7372"}],"collection":[{"href":"https:\/\/dgospel.com.br\/portal\/index.php\/wp-json\/wp\/v2\/posts"}],"about":[{"href":"https:\/\/dgospel.com.br\/portal\/index.php\/wp-json\/wp\/v2\/types\/post"}],"author":[{"embeddable":true,"href":"https:\/\/dgospel.com.br\/portal\/index.php\/wp-json\/wp\/v2\/users\/2"}],"replies":[{"embeddable":true,"href":"https:\/\/dgospel.com.br\/portal\/index.php\/wp-json\/wp\/v2\/comments?post=7372"}],"version-history":[{"count":1,"href":"https:\/\/dgospel.com.br\/portal\/index.php\/wp-json\/wp\/v2\/posts\/7372\/revisions"}],"predecessor-version":[{"id":7374,"href":"https:\/\/dgospel.com.br\/portal\/index.php\/wp-json\/wp\/v2\/posts\/7372\/revisions\/7374"}],"wp:featuredmedia":[{"embeddable":true,"href":"https:\/\/dgospel.com.br\/portal\/index.php\/wp-json\/wp\/v2\/media\/7373"}],"wp:attachment":[{"href":"https:\/\/dgospel.com.br\/portal\/index.php\/wp-json\/wp\/v2\/media?parent=7372"}],"wp:term":[{"taxonomy":"category","embeddable":true,"href":"https:\/\/dgospel.com.br\/portal\/index.php\/wp-json\/wp\/v2\/categories?post=7372"},{"taxonomy":"post_tag","embeddable":true,"href":"https:\/\/dgospel.com.br\/portal\/index.php\/wp-json\/wp\/v2\/tags?post=7372"}],"curies":[{"name":"wp","href":"https:\/\/api.w.org\/{rel}","templated":true}]}}