{"id":7375,"date":"2021-01-20T15:03:30","date_gmt":"2021-01-20T18:03:30","guid":{"rendered":"http:\/\/dgospel.com.br\/portal\/?p=7375"},"modified":"2021-01-20T15:03:32","modified_gmt":"2021-01-20T18:03:32","slug":"prefeitura-de-palmas-comeca-a-imunizar-profissionais-da-saude-contra-a-covid-19","status":"publish","type":"post","link":"https:\/\/dgospel.com.br\/portal\/index.php\/2021\/01\/20\/prefeitura-de-palmas-comeca-a-imunizar-profissionais-da-saude-contra-a-covid-19\/","title":{"rendered":"Prefeitura de Palmas come\u00e7a a imunizar profissionais da sa\u00fade contra a Covid-19"},"content":{"rendered":"\n<p>Em ato simb\u00f3lico realizado na manh\u00e3 desta quarta-feira, 20, na Unidade de Sa\u00fade da Fam\u00edlia (USF) da Arno 61 (503 Norte), a Prefeitura de Palmas deu in\u00edcio \u00e0 vacina\u00e7\u00e3o contra a Covid-19 referente a primeira remessa de doses destinadas&nbsp;a Capital. A m\u00e9dica Beatriz Ferroli Cavalcante foi a primeira a receber a dose, seguida pela t\u00e9cnica em enfermagem Juliana Alves de Souza, logo ap\u00f3s o m\u00e9dico Vitor Kleim, e a enfermeira Keile Cristina Cabral Castro. O momento contou com a presen\u00e7a da prefeita de Palmas, Cinthia Ribeiro, da secret\u00e1ria municipal da Sa\u00fade (Semus), Val\u00e9ria Paranagu\u00e1 e&nbsp;profissionais da \u00e1rea de sa\u00fade.<\/p>\n\n\n\n<p>\u201cHoje \u00e9 um dia hist\u00f3rico para Palmas. O dia de hoje muda significativamente o \u00e2nimo do palmense e automaticamente de todos os brasileiros que acreditam na&nbsp;vit\u00f3ria nesta guerra travada contra o coronav\u00edrus. Temos muito que agradecer aos profissionais que est\u00e3o envolvidos neste processo e refor\u00e7ar a necessidade de trabalhar em conjunto. Isso mostra que nossos profissionais s\u00e3o capacitados e o SUS funciona&#8221;, declarou Cinthia.<\/p>\n\n\n\n<p>Na USF da Arno 61 ser\u00e3o imunizadas 12 pessoas, entre m\u00e9dicos, enfermeiros e t\u00e9cnicos de enfermagem. A primeira remessa recebida compreende 3.331 doses e atender\u00e1 3.260 servidores, 34% do quantitativo de trabalhadores aptos a receberem a vacina neste primeiro momento, al\u00e9m de 71 doses para idosos institucionalizados.<\/p>\n\n\n\n<p>Vale destacar que cada frasco da CoronaVac, desenvolvida em parceria entre o Instituto Butantan e a fabricante chinesa de medicamentos Sinovac Biotech, cont\u00e9m 0,5 ml da vacina e vale por uma dose, ou seja, cada frasco imuniza apenas uma pessoa.&nbsp;<\/p>\n\n\n\n<p>Outras 3.331 doses da vacina ser\u00e3o repassadas em fevereiro, e correspondem \u00e0 segunda aplica\u00e7\u00e3o do imunizante contra a Covid-19. O intervalo recomendado entre a primeira e segunda aplica\u00e7\u00e3o \u00e9 de 28 dias. A segunda dose j\u00e1 est\u00e1 garantida \u00e9 est\u00e1 sob guarda do governo do Estado. Al\u00e9m das doses da vacina, foram entregues as agulhas e seringas necess\u00e1rias para a aplica\u00e7\u00e3o da vacina.<\/p>\n\n\n\n<p>\u201cNeste primeiro momento Palmas n\u00e3o foi contemplada com cota de doses para ind\u00edgenas e quilombolas, pois o munic\u00edpio n\u00e3o possui aldeias ou comunidades quilombolas\u201d, esclareceu a secret\u00e1ria Val\u00e9ria Paranagu\u00e1.<\/p>\n\n\n\n<p>Ainda de acordo com a secret\u00e1ria, as vacinas ser\u00e3o administradas nas pr\u00f3prias unidades de sa\u00fade onde os profissionais do grupo priorit\u00e1rio est\u00e3o lotados, para evitar aglomera\u00e7\u00f5es e deslocamento de trabalhadores.<\/p>\n\n\n\n<p>Momento hist\u00f3rico<\/p>\n\n\n\n<p>A m\u00e9dica Beatriz Ferroli Cavalcante, 26 anos, que foi a primeira profissional a ser imunizada e tem pessoas com comorbidades na fam\u00edlia, v\u00ea como um momento de esperan\u00e7a a chegada da vacina e acredita que esta seja uma grande conquista neste cen\u00e1rio pand\u00eamico. &#8220;Sinto-me sinto honrada em receber a primeira dose da vacina em Palmas e espero que t\u00e3o logo todas as pessoas, n\u00e3o apenas da \u00e1rea da Sa\u00fade, podem estar imunes a esta doen\u00e7a&#8221;.<\/p>\n\n\n\n<p>\u201cN\u00e3o precisa ter medo da vacina.\u201d&nbsp;Este foi o recado do m\u00e9dico Vitor Kleim, tamb\u00e9m atuante na linha de frente contra a Covid-19. \u201cEstou feliz demais com a chegada da vacina e espero o quanto antes que toda a popula\u00e7\u00e3o receba o imunizante. Mas \u00e9 preciso manter todos os cuidados e seguir com os protocolos de seguran\u00e7a: usar m\u00e1scara e \u00e1lcool em gel, lavar as m\u00e3os e nada de aglomerar\u201d, alerta.<\/p>\n\n\n\n<p>Respons\u00e1vel por realizar as coletas de exames para Covid-19 na USF da Arno 61, a t\u00e9cnica de enfermagem Juliana Alves de Souza, de 31 anos, est\u00e1 aliviada em receber a primeira dose, pois al\u00e9m de estar em contato direto com pessoas infectadas pelo v\u00edrus, possui familiares do grupo de risco. \u201c\u00c9 triste ver pessoas conhecidas sendo acometidas pela doen\u00e7a, mas agora temos em m\u00e3os uma nova arma para combater o coronav\u00edrus\u201d, celebrou.<\/p>\n\n\n\n<p>Perfis dos profissionais<\/p>\n\n\n\n<p>&nbsp;&#8211;&nbsp;&nbsp;&nbsp;&nbsp;&nbsp; Juliana Alves de Souza, t\u00e9cnica de enfermagem, 31 anos. Servidora concursada da Semus, atua na USF da Arno 61 desde 2014. A servidora \u00e9 respons\u00e1vel por realizar as coletas de exames para Covid-19 (PCR e TR).<\/p>\n\n\n\n<p>&#8211;&nbsp;&nbsp;&nbsp;&nbsp;&nbsp;&nbsp; Beatriz Ferroli Cavalcante, m\u00e9dica, 26 anos. Cl\u00ednica geral contratada h\u00e1 cerca de um ano na rede municipal de sa\u00fade. A profissional atua na linha de frente da Covid-19 desde o in\u00edcio da pandemia.<\/p>\n\n\n\n<p>&#8211;&nbsp;&nbsp;&nbsp;&nbsp;&nbsp;&nbsp; Keile Cristina Cabral Castro, enfermeira, 38 anos. Contratada pela Semus h\u00e1 oito meses, atuou em outras unidades da rede municipal e est\u00e1 na USF da Arno 61 desde agosto, onde presta atendimento a pacientes suspeitos e confirmados para a Covid-19.<\/p>\n\n\n\n<p>&#8211;&nbsp;&nbsp;&nbsp;&nbsp;&nbsp;&nbsp; Vitor Kleim, m\u00e9dico, 24 anos. Contratado desde abril do ano passado, iniciou os atendimentos na USF da Arse 101 (1004 Sul) com casos de Covid e demandas espont\u00e2neas da comunidade e tamb\u00e9m atende no Centro de Aten\u00e7\u00e3o Especializada Francisca Romana Chaves (Policl\u00ednica da Arno 31).<\/p>\n","protected":false},"excerpt":{"rendered":"<p>Em ato simb\u00f3lico realizado na manh\u00e3 desta quarta-feira, 20, na Unidade de Sa\u00fade da Fam\u00edlia (USF) da Arno 61 (503 Norte), a Prefeitura de Palmas deu in\u00edcio \u00e0 vacina\u00e7\u00e3o contra a Covid-19 referente a primeira remessa de doses destinadas&nbsp;a Capital. A m\u00e9dica Beatriz Ferroli Cavalcante foi a primeira a receber a dose, seguida pela t\u00e9cnica [&hellip;]<\/p>\n","protected":false},"author":2,"featured_media":7376,"comment_status":"open","ping_status":"open","sticky":false,"template":"","format":"standard","meta":[],"categories":[3],"tags":[13],"_links":{"self":[{"href":"https:\/\/dgospel.com.br\/portal\/index.php\/wp-json\/wp\/v2\/posts\/7375"}],"collection":[{"href":"https:\/\/dgospel.com.br\/portal\/index.php\/wp-json\/wp\/v2\/posts"}],"about":[{"href":"https:\/\/dgospel.com.br\/portal\/index.php\/wp-json\/wp\/v2\/types\/post"}],"author":[{"embeddable":true,"href":"https:\/\/dgospel.com.br\/portal\/index.php\/wp-json\/wp\/v2\/users\/2"}],"replies":[{"embeddable":true,"href":"https:\/\/dgospel.com.br\/portal\/index.php\/wp-json\/wp\/v2\/comments?post=7375"}],"version-history":[{"count":1,"href":"https:\/\/dgospel.com.br\/portal\/index.php\/wp-json\/wp\/v2\/posts\/7375\/revisions"}],"predecessor-version":[{"id":7377,"href":"https:\/\/dgospel.com.br\/portal\/index.php\/wp-json\/wp\/v2\/posts\/7375\/revisions\/7377"}],"wp:featuredmedia":[{"embeddable":true,"href":"https:\/\/dgospel.com.br\/portal\/index.php\/wp-json\/wp\/v2\/media\/7376"}],"wp:attachment":[{"href":"https:\/\/dgospel.com.br\/portal\/index.php\/wp-json\/wp\/v2\/media?parent=7375"}],"wp:term":[{"taxonomy":"category","embeddable":true,"href":"https:\/\/dgospel.com.br\/portal\/index.php\/wp-json\/wp\/v2\/categories?post=7375"},{"taxonomy":"post_tag","embeddable":true,"href":"https:\/\/dgospel.com.br\/portal\/index.php\/wp-json\/wp\/v2\/tags?post=7375"}],"curies":[{"name":"wp","href":"https:\/\/api.w.org\/{rel}","templated":true}]}}