{"id":7385,"date":"2021-01-26T09:39:12","date_gmt":"2021-01-26T12:39:12","guid":{"rendered":"http:\/\/dgospel.com.br\/portal\/?p=7385"},"modified":"2021-01-26T09:39:14","modified_gmt":"2021-01-26T12:39:14","slug":"governo-do-tocantins-e-embrapa-visam-parcerias-para-desenvolver-projetos-de-uso-multiplo-dos-lagos-do-estado","status":"publish","type":"post","link":"https:\/\/dgospel.com.br\/portal\/index.php\/2021\/01\/26\/governo-do-tocantins-e-embrapa-visam-parcerias-para-desenvolver-projetos-de-uso-multiplo-dos-lagos-do-estado\/","title":{"rendered":"Governo do Tocantins e Embrapa visam parcerias para desenvolver projetos de uso m\u00faltiplo dos lagos do Estado"},"content":{"rendered":"\n<p>Representando o Governo do Tocantins, a secret\u00e1ria de Estado do Meio Ambiente e Recursos H\u00eddricos, Miyuki Hyashida e o secret\u00e1rio de Estado da Agricultura, Pecu\u00e1ria e Aquicultura, Jaime Caf\u00e9, reuniram-se nesta segunda-feira, 25, com representantes da Embrapa \u2013 Pesca e Aquicultura para alinhar poss\u00edveis parcerias com a finalidade de realizar projetos sustent\u00e1veis, econ\u00f4micos e sociais.<\/p>\n\n\n\n<p>Segundo a secret\u00e1ria Miyuki Hyashida, o Governo do Tocantins visa estreitar e potencializar parcerias institucionais para desenvolver projetos de uso m\u00faltiplo dos lagos do Estado, de forma sustent\u00e1vel.<\/p>\n\n\n\n<p>O secret\u00e1rio Jaime Caf\u00e9 manifestou grande interesse sobre o assunto e afirmou que existe a possibilidade da realiza\u00e7\u00e3o de termos de coopera\u00e7\u00e3o para ajustar o corpo t\u00e9cnico e desenvolver com sucesso os projetos no Tocantins. \u201cVou entrar em contato com \u00f3rg\u00e3os federais para, juntos, criarmos estrat\u00e9gias de fortalecimento de a\u00e7\u00f5es em nosso Estado\u201d, indicou.<\/p>\n\n\n\n<p>A reuni\u00e3o aconteceu na sede da Semarh e contou com a participa\u00e7\u00e3o da chefe-geral da Embrapa, Danielle de Bem Luiz.<\/p>\n","protected":false},"excerpt":{"rendered":"<p>Representando o Governo do Tocantins, a secret\u00e1ria de Estado do Meio Ambiente e Recursos H\u00eddricos, Miyuki Hyashida e o secret\u00e1rio de Estado da Agricultura, Pecu\u00e1ria e Aquicultura, Jaime Caf\u00e9, reuniram-se nesta segunda-feira, 25, com representantes da Embrapa \u2013 Pesca e Aquicultura para alinhar poss\u00edveis parcerias com a finalidade de realizar projetos sustent\u00e1veis, econ\u00f4micos e sociais. [&hellip;]<\/p>\n","protected":false},"author":2,"featured_media":7386,"comment_status":"open","ping_status":"open","sticky":false,"template":"","format":"standard","meta":[],"categories":[3],"tags":[13],"_links":{"self":[{"href":"https:\/\/dgospel.com.br\/portal\/index.php\/wp-json\/wp\/v2\/posts\/7385"}],"collection":[{"href":"https:\/\/dgospel.com.br\/portal\/index.php\/wp-json\/wp\/v2\/posts"}],"about":[{"href":"https:\/\/dgospel.com.br\/portal\/index.php\/wp-json\/wp\/v2\/types\/post"}],"author":[{"embeddable":true,"href":"https:\/\/dgospel.com.br\/portal\/index.php\/wp-json\/wp\/v2\/users\/2"}],"replies":[{"embeddable":true,"href":"https:\/\/dgospel.com.br\/portal\/index.php\/wp-json\/wp\/v2\/comments?post=7385"}],"version-history":[{"count":1,"href":"https:\/\/dgospel.com.br\/portal\/index.php\/wp-json\/wp\/v2\/posts\/7385\/revisions"}],"predecessor-version":[{"id":7387,"href":"https:\/\/dgospel.com.br\/portal\/index.php\/wp-json\/wp\/v2\/posts\/7385\/revisions\/7387"}],"wp:featuredmedia":[{"embeddable":true,"href":"https:\/\/dgospel.com.br\/portal\/index.php\/wp-json\/wp\/v2\/media\/7386"}],"wp:attachment":[{"href":"https:\/\/dgospel.com.br\/portal\/index.php\/wp-json\/wp\/v2\/media?parent=7385"}],"wp:term":[{"taxonomy":"category","embeddable":true,"href":"https:\/\/dgospel.com.br\/portal\/index.php\/wp-json\/wp\/v2\/categories?post=7385"},{"taxonomy":"post_tag","embeddable":true,"href":"https:\/\/dgospel.com.br\/portal\/index.php\/wp-json\/wp\/v2\/tags?post=7385"}],"curies":[{"name":"wp","href":"https:\/\/api.w.org\/{rel}","templated":true}]}}