{"id":7388,"date":"2021-01-26T09:41:01","date_gmt":"2021-01-26T12:41:01","guid":{"rendered":"http:\/\/dgospel.com.br\/portal\/?p=7388"},"modified":"2021-01-26T09:41:03","modified_gmt":"2021-01-26T12:41:03","slug":"carlesse-participa-da-eleicao-do-novo-presidente-do-forum-de-governadores-do-brasil-central","status":"publish","type":"post","link":"https:\/\/dgospel.com.br\/portal\/index.php\/2021\/01\/26\/carlesse-participa-da-eleicao-do-novo-presidente-do-forum-de-governadores-do-brasil-central\/","title":{"rendered":"Carlesse participa da elei\u00e7\u00e3o do novo presidente do F\u00f3rum de Governadores do Brasil Central"},"content":{"rendered":"\n<p>O governador do Estado do Tocantins, Mauro Carlesse, participou na tarde dessa segunda-feira, 25, por videoconfer\u00eancia, da reuni\u00e3o ordin\u00e1ria da Assembleia Geral de Governadores do Brasil Central, que elegeu o governador do Distrito Federal, Ibaneis Rocha, como presidente da entidade. Ele sucede o governador do Mato Grosso, Mauro Mendes, que dirigiu o F\u00f3rum em 2020.<\/p>\n\n\n\n<p>Ibaneis Rocha agradeceu a confian\u00e7a dos demais integrantes do F\u00f3rum e ressaltou que vai se dedicar ao m\u00e1ximo para buscar solu\u00e7\u00f5es para o grupo. Segundo ele, os integrantes do F\u00f3rum t\u00eam muitas demandas em comum. \u201c\u00c9 com essa confian\u00e7a que assumo este cargo. Estou feliz com essa unanimidade que culminou com a aclama\u00e7\u00e3o do meu nome e vou devolver essa confian\u00e7a com muito trabalho\u201d, pontuou.<\/p>\n\n\n\n<p>Na oportunidade, o novo presidente do F\u00f3rum de Governadores do Brasil Central destacou a expertise do Banco Regional de Bras\u00edlia (BRB), que est\u00e1 tentando ajudar os estados com o financiamento de projetos para o desenvolvimento da regi\u00e3o, a exemplo dos estados do Maranh\u00e3o e do Tocantins, integrantes do F\u00f3rum. Ele lembrou que o Tocantins j\u00e1 firmou parceria com a institui\u00e7\u00e3o financeira para recursos destinados \u00e0 ponte de Porto Nacional.<\/p>\n\n\n\n<p>O Governador Carlesse elogiou a gest\u00e3o de Mauro Mendes, desejou sucesso ao novo presidente e destacou a capacidade e o desprendimento do governador do Distrito Federal, como caracter\u00edsticas importantes no curso do mandato. \u201cSempre nos atendeu com presteza e foi determinante para assinarmos o financiamento com o BRB para a nossa ponte em Porto Nacional. Essa capacidade em dar agilidade aos projetos ser\u00e1 importante \u00e0 frente do F\u00f3rum de Governadores do Brasil Central\u201d, comentou.<\/p>\n\n\n\n<p>Delibera\u00e7\u00f5es<\/p>\n\n\n\n<p>Durante a Assembleia, os governadores tamb\u00e9m deliberaram a participa\u00e7\u00e3o dos estados integrantes do F\u00f3rum na Agro Expo International. O evento ser\u00e1 realizado em julho deste ano, no S\u00e3o Paulo Expo, na capital paulista. A Agro Expo International foi concebida para ser um verdadeiro hub do Agro, reunindo toda a cadeia do setor, da pesquisa \u00e0 exporta\u00e7\u00e3o, e oferecendo conex\u00f5es efetivas de neg\u00f3cios, com foco na abertura de mercados nacional e internacional e atra\u00e7\u00e3o de investimentos.<\/p>\n\n\n\n<p>Outras atividades digitais como debates e encontros j\u00e1 est\u00e3o programadas ao longo dos pr\u00f3ximos meses, para discutir o futuro do agroneg\u00f3cio e promover a intera\u00e7\u00e3o entre expositores e visitantes, nacionais e internacionais. Os governadores destacaram a voca\u00e7\u00e3o dos estados membros para o agroneg\u00f3cio e veem o evento como uma vitrine. \u201cCertamente ser\u00e1 uma oportunidade para divulgarmos o potencial do nosso Tocantins e atrairmos novos investidores\u201d, frisou o governador Mauro Carlesse.<\/p>\n\n\n\n<p>Ainda durante a reuni\u00e3o ordin\u00e1ria, os governadores deliberaram outras pautas de natureza administrativa e informativa.<\/p>\n\n\n\n<p><strong>F\u00f3rum<\/strong><\/p>\n\n\n\n<p>O f\u00f3rum de Governadores do Brasil Central \u00e9 formado pelo Distrito Federal e os estados de Goi\u00e1s, Maranh\u00e3o, Mato Grosso, Mato Grosso do Sul, Rond\u00f4nia e Tocantins.<\/p>\n","protected":false},"excerpt":{"rendered":"<p>O governador do Estado do Tocantins, Mauro Carlesse, participou na tarde dessa segunda-feira, 25, por videoconfer\u00eancia, da reuni\u00e3o ordin\u00e1ria da Assembleia Geral de Governadores do Brasil Central, que elegeu o governador do Distrito Federal, Ibaneis Rocha, como presidente da entidade. Ele sucede o governador do Mato Grosso, Mauro Mendes, que dirigiu o F\u00f3rum em 2020. [&hellip;]<\/p>\n","protected":false},"author":2,"featured_media":7389,"comment_status":"open","ping_status":"open","sticky":false,"template":"","format":"standard","meta":[],"categories":[4],"tags":[13],"_links":{"self":[{"href":"https:\/\/dgospel.com.br\/portal\/index.php\/wp-json\/wp\/v2\/posts\/7388"}],"collection":[{"href":"https:\/\/dgospel.com.br\/portal\/index.php\/wp-json\/wp\/v2\/posts"}],"about":[{"href":"https:\/\/dgospel.com.br\/portal\/index.php\/wp-json\/wp\/v2\/types\/post"}],"author":[{"embeddable":true,"href":"https:\/\/dgospel.com.br\/portal\/index.php\/wp-json\/wp\/v2\/users\/2"}],"replies":[{"embeddable":true,"href":"https:\/\/dgospel.com.br\/portal\/index.php\/wp-json\/wp\/v2\/comments?post=7388"}],"version-history":[{"count":1,"href":"https:\/\/dgospel.com.br\/portal\/index.php\/wp-json\/wp\/v2\/posts\/7388\/revisions"}],"predecessor-version":[{"id":7390,"href":"https:\/\/dgospel.com.br\/portal\/index.php\/wp-json\/wp\/v2\/posts\/7388\/revisions\/7390"}],"wp:featuredmedia":[{"embeddable":true,"href":"https:\/\/dgospel.com.br\/portal\/index.php\/wp-json\/wp\/v2\/media\/7389"}],"wp:attachment":[{"href":"https:\/\/dgospel.com.br\/portal\/index.php\/wp-json\/wp\/v2\/media?parent=7388"}],"wp:term":[{"taxonomy":"category","embeddable":true,"href":"https:\/\/dgospel.com.br\/portal\/index.php\/wp-json\/wp\/v2\/categories?post=7388"},{"taxonomy":"post_tag","embeddable":true,"href":"https:\/\/dgospel.com.br\/portal\/index.php\/wp-json\/wp\/v2\/tags?post=7388"}],"curies":[{"name":"wp","href":"https:\/\/api.w.org\/{rel}","templated":true}]}}