{"id":7391,"date":"2021-01-26T09:42:32","date_gmt":"2021-01-26T12:42:32","guid":{"rendered":"http:\/\/dgospel.com.br\/portal\/?p=7391"},"modified":"2021-01-26T09:42:34","modified_gmt":"2021-01-26T12:42:34","slug":"governador-mauro-carlesse-recebe-deputado-valdemar-junior-e-prefeitos","status":"publish","type":"post","link":"https:\/\/dgospel.com.br\/portal\/index.php\/2021\/01\/26\/governador-mauro-carlesse-recebe-deputado-valdemar-junior-e-prefeitos\/","title":{"rendered":"Governador Mauro Carlesse recebe deputado Valdemar J\u00fanior e prefeitos"},"content":{"rendered":"\n<p>Como parte da agenda municipalista, que visa discutir as demandas dos 139 munic\u00edpios, o governador do Estado do Tocantins, Mauro Carlesse, e o vice-governador Wanderlei Barbosa, receberam na noite dessa segunda-feira, 25, prefeitos e vice-prefeitos de oito munic\u00edpios, acompanhados do deputado estadual Valdemar J\u00fanior. Essas reuni\u00f5es constituem um primeiro contato com o Governador para discutir os problemas, buscar solu\u00e7\u00f5es e parcerias para atender as demandas dos mun\u00edcipes.&nbsp;<\/p>\n\n\n\n<p>Em um primeiro momento o deputado Valdemar J\u00fanior agradeceu a abertura do Governo do Tocantins em conhecer os problemas dos gestores e seus respectivos munic\u00edpios. \u201c\u00c9 isso que os prefeitos precisam, de um governador que se prop\u00f5e a ouvir as demandas e buscar solu\u00e7\u00f5es para os problemas\u201d, destacou. Agrade\u00e7o ao governador Mauro Carlesse por&nbsp;nos receber, assim apresentamos as nossas demandas. Meu munic\u00edpio \u00e9 um dos maiores produtores de soja, precisamos do apoio do Governo do Tocantins para melhorar a infraestrutura rodovi\u00e1ria e facilitar o escoamento da produ\u00e7\u00e3o\u201d, adiantou o prefeito de Sucupira, Divino Moraes.&nbsp;<\/p>\n\n\n\n<p>O prefeito de Itapor\u00e3 tamb\u00e9m destacou as dificuldades enfrentadas pelo seu munic\u00edpio na \u00e1rea de infraestrutura rodovi\u00e1ria. \u201cAs condi\u00e7\u00f5es das estradas s\u00e3o problemas comuns e precisamos do&nbsp;suporte da Gest\u00e3o Estadual&nbsp;para melhorar o escoamento da produ\u00e7\u00e3o. Tamb\u00e9m temos demandas&nbsp;na \u00e1rea da sa\u00fade \u201c, pontuou. A mesma solicita\u00e7\u00e3o&nbsp;foi feita&nbsp;pelo prefeito de Chapada da Natividade, Elio Dion\u00edzio, que agradeceu a oportunidade de ser recebido pelo Governador para um primeiro contato em busca&nbsp;de solu\u00e7\u00e3o para as dificuldades enfrentadas em&nbsp;sua cidade. \u201cO munic\u00edpio precisa do Governo do Tocantins e percebemos que o governador \u00e9 municipalista, a partir do momento que se interessa em conhecer e discutir as demandas de cada localidade. Contamos com esse apoio para enfrentar as dificuldades&nbsp;das nossas cidades e melhorar as condi\u00e7\u00f5es de vida da popula\u00e7\u00e3o\u201d, ressaltou.&nbsp;<\/p>\n\n\n\n<p>O governador Mauro Carlesse reafirmou a necessidade de uni\u00e3o para a solu\u00e7\u00e3o dos problemas de cada localidade. Ele destacou que essa \u00e9 sua forma de trabalhar, ouvindo os prefeitos, os vereadores e lembrou que o contrato de financiamento a ser assinado com a Caixa vai permitir realizar obras nos 139 munic\u00edpios, melhorar a infraestrutura de cada localidade e gerar emprego e renda para a popula\u00e7\u00e3o. Tamb\u00e9m informou que pretende terceirizar a manuten\u00e7\u00e3o das rodovias, o que vai permitir maior agilidade em atender as demandas de todo o Estado, com muito mais economia. &nbsp;\u201cContem conosco, queremos que essas demandas sejam atendidas na medida do poss\u00edvel. O nosso Gabinete est\u00e1 \u00e0 disposi\u00e7\u00e3o\u201d, pontuou.<\/p>\n\n\n\n<p>O vice-governador Wanderlei Barbosa tamb\u00e9m destacou o empenho em atender a todos e que o seu gabinete est\u00e1 sempre \u00e0 disposi\u00e7\u00e3o para discutir as demandas dos gestores municipais. \u201cEstamos \u00e0 disposi\u00e7\u00e3o de todos voc\u00eas, aqui n\u00e3o tem advers\u00e1rio. \u00c9 um governo aberto para discutir os problemas e buscar solu\u00e7\u00f5es para cada localidade, independente de cor partid\u00e1ria\u201d, ressaltou.&nbsp;<\/p>\n\n\n\n<p>Participaram da reuni\u00e3o os prefeitos de Pugmil, Dircineu Bolina; Colmeia, Joct\u00e3 Reis; Mateiros, Pastor Jo\u00e3o; Sucupira, Divino Moraes; Itapor\u00e3, Jos\u00e9 Rezende; Chapada da Natividade, Elio Dion\u00edzio; e os vice-prefeitos de S\u00e3o Felix, Gercimar Xavier; e de Pindorama, Edinon Mendes. Tamb\u00e9m participaram o&nbsp;secret\u00e1rio Extraordin\u00e1rio&nbsp;de Assuntos Parlamentares, Jos\u00e9 Humberto e o chefe do Gabinete do Governador, Sebasti\u00e3o Albuquerque.<\/p>\n","protected":false},"excerpt":{"rendered":"<p>Como parte da agenda municipalista, que visa discutir as demandas dos 139 munic\u00edpios, o governador do Estado do Tocantins, Mauro Carlesse, e o vice-governador Wanderlei Barbosa, receberam na noite dessa segunda-feira, 25, prefeitos e vice-prefeitos de oito munic\u00edpios, acompanhados do deputado estadual Valdemar J\u00fanior. Essas reuni\u00f5es constituem um primeiro contato com o Governador para discutir [&hellip;]<\/p>\n","protected":false},"author":2,"featured_media":7392,"comment_status":"open","ping_status":"open","sticky":false,"template":"","format":"standard","meta":[],"categories":[3],"tags":[13],"_links":{"self":[{"href":"https:\/\/dgospel.com.br\/portal\/index.php\/wp-json\/wp\/v2\/posts\/7391"}],"collection":[{"href":"https:\/\/dgospel.com.br\/portal\/index.php\/wp-json\/wp\/v2\/posts"}],"about":[{"href":"https:\/\/dgospel.com.br\/portal\/index.php\/wp-json\/wp\/v2\/types\/post"}],"author":[{"embeddable":true,"href":"https:\/\/dgospel.com.br\/portal\/index.php\/wp-json\/wp\/v2\/users\/2"}],"replies":[{"embeddable":true,"href":"https:\/\/dgospel.com.br\/portal\/index.php\/wp-json\/wp\/v2\/comments?post=7391"}],"version-history":[{"count":1,"href":"https:\/\/dgospel.com.br\/portal\/index.php\/wp-json\/wp\/v2\/posts\/7391\/revisions"}],"predecessor-version":[{"id":7393,"href":"https:\/\/dgospel.com.br\/portal\/index.php\/wp-json\/wp\/v2\/posts\/7391\/revisions\/7393"}],"wp:featuredmedia":[{"embeddable":true,"href":"https:\/\/dgospel.com.br\/portal\/index.php\/wp-json\/wp\/v2\/media\/7392"}],"wp:attachment":[{"href":"https:\/\/dgospel.com.br\/portal\/index.php\/wp-json\/wp\/v2\/media?parent=7391"}],"wp:term":[{"taxonomy":"category","embeddable":true,"href":"https:\/\/dgospel.com.br\/portal\/index.php\/wp-json\/wp\/v2\/categories?post=7391"},{"taxonomy":"post_tag","embeddable":true,"href":"https:\/\/dgospel.com.br\/portal\/index.php\/wp-json\/wp\/v2\/tags?post=7391"}],"curies":[{"name":"wp","href":"https:\/\/api.w.org\/{rel}","templated":true}]}}