{"id":7403,"date":"2021-01-26T10:03:10","date_gmt":"2021-01-26T13:03:10","guid":{"rendered":"http:\/\/dgospel.com.br\/portal\/?p=7403"},"modified":"2021-01-26T10:03:12","modified_gmt":"2021-01-26T13:03:12","slug":"nao-me-envergonho-do-evangelho-diz-milton-ribeiro-sobre-inquerito-por-homofobia-no-stf","status":"publish","type":"post","link":"https:\/\/dgospel.com.br\/portal\/index.php\/2021\/01\/26\/nao-me-envergonho-do-evangelho-diz-milton-ribeiro-sobre-inquerito-por-homofobia-no-stf\/","title":{"rendered":"\u201cN\u00e3o me envergonho do Evangelho\u201d, diz Milton Ribeiro sobre inqu\u00e9rito por homofobia no STF"},"content":{"rendered":"\n<p>O ministro da Educa\u00e7\u00e3o, Milton Ribeiro, disse que responde a um&nbsp;<a href=\"https:\/\/guiame.com.br\/gospel\/noticias\/milton-ribeiro-pode-ser-alvo-de-inquerito-por-homofobia-apos-opinar-sobre-homossexualidade.html\"><strong>inqu\u00e9rito no Supremo Tribunal Federal<\/strong><\/a>&nbsp;(STF) por defender a B\u00edblia, mas n\u00e3o tem \u201cvergonha de pregar o Evangelho\u201d, durante um culto no \u00faltimo domingo (24) em Santos, no litoral de S\u00e3o Paulo.<\/p>\n\n\n\n<p>\u201cO inqu\u00e9rito que eu enfrento no Supremo Tribunal Federal tem a ver com isso, com algo que Jesus n\u00e3o tem nenhum receio de dizer que n\u00e3o \u00e9 o caminho certo. Estou muito tranquilo, meu cora\u00e7\u00e3o est\u00e1 tranquilo\u201d, disse Ribeiro em uma prega\u00e7\u00e3o na Igreja Presbiteriana Jardim de Ora\u00e7\u00e3o, onde \u00e9 pastor-titular desde 1992.<\/p>\n\n\n\n<p>\u201cPorque n\u00e3o fui chamado no Supremo Tribunal Federal para responder por desvio de dinheiro, nem por coisas erradas, mas porque eu disse o que a B\u00edblia diz e ponto final\u201d, afirmou.<\/p>\n\n\n\n<p>O ministro da Educa\u00e7\u00e3o foi denunciado ao STF pela Procuradoria-Geral da Rep\u00fablica (PGR) por homofobia, por causa de uma&nbsp;<a href=\"https:\/\/guiame.com.br\/gospel\/noticias\/ministro-da-educacao-diz-que-sem-fe-em-deus-e-na-familia-jovens-tem-vazio-existencial.html\"><strong>entrevista<\/strong><\/a>&nbsp;ao jornal O Estado de S. Paulo em setembro do ano passado, onde disse que a homossexualidade \u00e9 \u201cfruto de fam\u00edlias desajustadas\u201d.<\/p>\n\n\n\n<p>A PGR chegou a oferecer um acordo, no qual Ribeiro teria que admitir que cometeu crime ao proferir a referida fala, mas o ministro recusou.<\/p>\n\n\n\n<p>&#8220;N\u00f3s queremos tirar o Brasil de um rumo de desastre, em que valores como fam\u00edlia, como cria\u00e7\u00e3o de filhos, o que \u00e9 certo, o que \u00e9 errado, pudessem ser novamente preestabelecidos. A B\u00edblia diz que haveria um tempo em que as pessoas iriam chamar o que \u00e9 errado de certo, e o que \u00e9 certo de errado\u201d, destacou o ministro no culto.<\/p>\n\n\n\n<p>Ribeiro foi a Santos para visitar um col\u00e9gio onde foram aplicadas provas do Exame Nacional do Ensino M\u00e9dio (Enem) e aproveitou a viagem para visitar sua igreja.&nbsp;<\/p>\n\n\n\n<p>Em sua prega\u00e7\u00e3o, ele disse n\u00e3o ter vergonha de pregar o Evangelho e afirmou que seu papel na pasta do governo federal \u00e9 \u201cmais espiritual do que pol\u00edtico\u201d. Ele tamb\u00e9m destacou que \u201cnunca houve num governo do Brasil um grupo de ministros com tr\u00eas pastores\u201d.&nbsp;<\/p>\n\n\n\n<p>\u201cE uma das coisas que eu tenho feito quest\u00e3o de dizer \u00e9 que eu n\u00e3o me envergonho do Evangelho, porque \u00e9 o poder de Deus para salva\u00e7\u00e3o de todo aquele que cr\u00ea. Eu simplesmente n\u00e3o me envergonho. Eu simplesmente digo a todo lugar, a toda hora, a todo tempo, e fora de tempo, que eu creio, em quem eu creio e muitas vezes nas minhas reuni\u00f5es no minist\u00e9rio eu falo a respeito da minha f\u00e9, daquilo que eu tenho por valor, por princ\u00edpio\u201d, afirmou.<\/p>\n\n\n\n<p>Ribeiro acredita que estar \u00e0 frente do Minist\u00e9rio da Educa\u00e7\u00e3o foi uma oportunidade dada por Deus. \u201c[Deus] tem me dado uma oportunidade de ter conversas a s\u00f3s com o presidente da Rep\u00fablica, de orar por ele, de pedir a Deus dire\u00e7\u00e3o e sabedoria. Tivemos no meio da semana uma reuni\u00e3o s\u00f3 de ministros para enfrentamento de tudo o que passamos e logo depois se reuniu um grupo de ministros para orar. Num sal\u00e3o em que no passado as coisas mais infames eram ditas e eram feitas&#8221;, afirmou.<\/p>\n\n\n\n<p>\n\nFONTE: GUIAME, COM INFORMA\u00c7\u00d5ES DO CORREIO BRAZILIENSE\n\n<\/p>\n","protected":false},"excerpt":{"rendered":"<p>O ministro da Educa\u00e7\u00e3o, Milton Ribeiro, disse que responde a um&nbsp;inqu\u00e9rito no Supremo Tribunal Federal&nbsp;(STF) por defender a B\u00edblia, mas n\u00e3o tem \u201cvergonha de pregar o Evangelho\u201d, durante um culto no \u00faltimo domingo (24) em Santos, no litoral de S\u00e3o Paulo. \u201cO inqu\u00e9rito que eu enfrento no Supremo Tribunal Federal tem a ver com isso, [&hellip;]<\/p>\n","protected":false},"author":2,"featured_media":7404,"comment_status":"open","ping_status":"open","sticky":false,"template":"","format":"standard","meta":[],"categories":[4],"tags":[14],"_links":{"self":[{"href":"https:\/\/dgospel.com.br\/portal\/index.php\/wp-json\/wp\/v2\/posts\/7403"}],"collection":[{"href":"https:\/\/dgospel.com.br\/portal\/index.php\/wp-json\/wp\/v2\/posts"}],"about":[{"href":"https:\/\/dgospel.com.br\/portal\/index.php\/wp-json\/wp\/v2\/types\/post"}],"author":[{"embeddable":true,"href":"https:\/\/dgospel.com.br\/portal\/index.php\/wp-json\/wp\/v2\/users\/2"}],"replies":[{"embeddable":true,"href":"https:\/\/dgospel.com.br\/portal\/index.php\/wp-json\/wp\/v2\/comments?post=7403"}],"version-history":[{"count":1,"href":"https:\/\/dgospel.com.br\/portal\/index.php\/wp-json\/wp\/v2\/posts\/7403\/revisions"}],"predecessor-version":[{"id":7405,"href":"https:\/\/dgospel.com.br\/portal\/index.php\/wp-json\/wp\/v2\/posts\/7403\/revisions\/7405"}],"wp:featuredmedia":[{"embeddable":true,"href":"https:\/\/dgospel.com.br\/portal\/index.php\/wp-json\/wp\/v2\/media\/7404"}],"wp:attachment":[{"href":"https:\/\/dgospel.com.br\/portal\/index.php\/wp-json\/wp\/v2\/media?parent=7403"}],"wp:term":[{"taxonomy":"category","embeddable":true,"href":"https:\/\/dgospel.com.br\/portal\/index.php\/wp-json\/wp\/v2\/categories?post=7403"},{"taxonomy":"post_tag","embeddable":true,"href":"https:\/\/dgospel.com.br\/portal\/index.php\/wp-json\/wp\/v2\/tags?post=7403"}],"curies":[{"name":"wp","href":"https:\/\/api.w.org\/{rel}","templated":true}]}}