{"id":7407,"date":"2021-01-27T09:35:43","date_gmt":"2021-01-27T12:35:43","guid":{"rendered":"http:\/\/dgospel.com.br\/portal\/?p=7407"},"modified":"2021-01-27T09:35:44","modified_gmt":"2021-01-27T12:35:44","slug":"e-falso-que-bolsonaro-gastou-r-15-milhoes-em-leite-condensado","status":"publish","type":"post","link":"https:\/\/dgospel.com.br\/portal\/index.php\/2021\/01\/27\/e-falso-que-bolsonaro-gastou-r-15-milhoes-em-leite-condensado\/","title":{"rendered":"\u00c9 falso que Bolsonaro gastou R$ 15 milh\u00f5es em leite condensado"},"content":{"rendered":"\n<p> Ap\u00f3s a divulga\u00e7\u00e3o, pelo portal Metr\u00f3poles, do que seria uma planilha dos gastos do governo federal com alimentos e bebidas em 2020, usu\u00e1rios de redes sociais passaram a comentar os valores. E surgiu, nas redes sociais, o boato de que o presidente Jair Bolsonaro seria o respons\u00e1vel por gastar, sozinho, R$ 15 milh\u00f5es em leite condensado. <\/p>\n\n\n\n<h2><br>Pleno.News &#8211;&nbsp;26\/01\/2021&nbsp;20h14 | atualizado em 26\/01\/2021 20h56<\/h2>\n\n\n\n<figure class=\"wp-block-image\"><img src=\"https:\/\/static.cdn.pleno.news\/2019\/06\/48061642908_80ba36dbe9_k-e1561225968251-1024x624.jpg\" alt=\"\" class=\"wp-image-334964\"\/><figcaption>Presidente Jair Bolsonaro&nbsp;Foto: PR\/Marcos Corr\u00eaa<\/figcaption><\/figure>\n\n\n\n<figure><iframe><\/iframe><\/figure>\n\n\n\n<p>Ap\u00f3s a divulga\u00e7\u00e3o, pelo portal Metr\u00f3poles, do que seria uma planilha dos gastos do governo federal com alimentos e bebidas em 2020, usu\u00e1rios de redes sociais passaram a comentar os valores. E surgiu, nas redes sociais, o boato de que o presidente Jair Bolsonaro seria o respons\u00e1vel por gastar, sozinho, R$ 15 milh\u00f5es em leite condensado.PUBLICIDADE<\/p>\n\n\n\n\n\n<p>A informa\u00e7\u00e3o, no entanto, \u00e9 falsa, j\u00e1 que o valor equivale aos gastos com o produto de todos \u00f3rg\u00e3os do Poder Executivo no ano passado.<\/p>\n\n\n\n<p>De acordo com o ve\u00edculo, o governo federal gastou R$ 1,8 bilh\u00e3o na compra de mantimentos, o que representaria um aumento de 20% na compara\u00e7\u00e3o com 2019. Al\u00e9m disso, o ve\u00edculo deu exemplos dos produtos, entre eles os R$ 15,6 milh\u00f5es em leite condensado.<\/p>\n\n\n\n<p>Do valor total, R$ 14,2 milh\u00f5es foram gastos do Minist\u00e9rio da Defesa e utilizados na alimenta\u00e7\u00e3o do efetivo de todas as For\u00e7as Armadas. De acordo com a Pasta, s\u00e3o cerca de 370 mil pessoas.<\/p>\n\n\n\n<p>J\u00e1 o restante dos valores utilizados na compra de leite condensado veio dos minist\u00e9rios da Educa\u00e7\u00e3o (R$ 1 milh\u00e3o), da Justi\u00e7a (R$ 327 mil) e da Sa\u00fade (R$ 61 mil).<\/p>\n\n\n\n<figure class=\"wp-block-image\"><img src=\"https:\/\/static.cdn.pleno.news\/2021\/01\/LeiteCondensado.jpg\" alt=\"\" class=\"wp-image-644107\"\/><\/figure>\n","protected":false},"excerpt":{"rendered":"<p>Ap\u00f3s a divulga\u00e7\u00e3o, pelo portal Metr\u00f3poles, do que seria uma planilha dos gastos do governo federal com alimentos e bebidas em 2020, usu\u00e1rios de redes sociais passaram a comentar os valores. E surgiu, nas redes sociais, o boato de que o presidente Jair Bolsonaro seria o respons\u00e1vel por gastar, sozinho, R$ 15 milh\u00f5es em leite [&hellip;]<\/p>\n","protected":false},"author":2,"featured_media":7408,"comment_status":"open","ping_status":"open","sticky":false,"template":"","format":"standard","meta":[],"categories":[4],"tags":[13,14],"_links":{"self":[{"href":"https:\/\/dgospel.com.br\/portal\/index.php\/wp-json\/wp\/v2\/posts\/7407"}],"collection":[{"href":"https:\/\/dgospel.com.br\/portal\/index.php\/wp-json\/wp\/v2\/posts"}],"about":[{"href":"https:\/\/dgospel.com.br\/portal\/index.php\/wp-json\/wp\/v2\/types\/post"}],"author":[{"embeddable":true,"href":"https:\/\/dgospel.com.br\/portal\/index.php\/wp-json\/wp\/v2\/users\/2"}],"replies":[{"embeddable":true,"href":"https:\/\/dgospel.com.br\/portal\/index.php\/wp-json\/wp\/v2\/comments?post=7407"}],"version-history":[{"count":1,"href":"https:\/\/dgospel.com.br\/portal\/index.php\/wp-json\/wp\/v2\/posts\/7407\/revisions"}],"predecessor-version":[{"id":7409,"href":"https:\/\/dgospel.com.br\/portal\/index.php\/wp-json\/wp\/v2\/posts\/7407\/revisions\/7409"}],"wp:featuredmedia":[{"embeddable":true,"href":"https:\/\/dgospel.com.br\/portal\/index.php\/wp-json\/wp\/v2\/media\/7408"}],"wp:attachment":[{"href":"https:\/\/dgospel.com.br\/portal\/index.php\/wp-json\/wp\/v2\/media?parent=7407"}],"wp:term":[{"taxonomy":"category","embeddable":true,"href":"https:\/\/dgospel.com.br\/portal\/index.php\/wp-json\/wp\/v2\/categories?post=7407"},{"taxonomy":"post_tag","embeddable":true,"href":"https:\/\/dgospel.com.br\/portal\/index.php\/wp-json\/wp\/v2\/tags?post=7407"}],"curies":[{"name":"wp","href":"https:\/\/api.w.org\/{rel}","templated":true}]}}