{"id":7416,"date":"2021-01-27T10:32:19","date_gmt":"2021-01-27T13:32:19","guid":{"rendered":"http:\/\/dgospel.com.br\/portal\/?p=7416"},"modified":"2021-01-27T10:32:21","modified_gmt":"2021-01-27T13:32:21","slug":"quase-80-dos-brasileiros-sao-contra-a-legalizacao-do-aborto-segundo-pesquisa","status":"publish","type":"post","link":"https:\/\/dgospel.com.br\/portal\/index.php\/2021\/01\/27\/quase-80-dos-brasileiros-sao-contra-a-legalizacao-do-aborto-segundo-pesquisa\/","title":{"rendered":"Quase 80% dos brasileiros s\u00e3o contra a legaliza\u00e7\u00e3o do aborto, segundo pesquisa"},"content":{"rendered":"\n<p>Pelo menos 8 em cada 10 brasileiros, o que corresponde a 79% da popula\u00e7\u00e3o, s\u00e3o&nbsp;<a href=\"https:\/\/guiame.com.br\/gospel\/noticias\/maioria-dos-brasileiros-sao-contrarios-legalizacao-do-aborto-segundo-datafolha.html\"><strong>contra a legaliza\u00e7\u00e3o do aborto<\/strong><\/a>&nbsp;no pa\u00eds, de acordo com um levantamento divulgado pelo Paran\u00e1 Pesquisas nesta segunda-feira (25).&nbsp;<\/p>\n\n\n\n<p>Por outro lado, 16,6% s\u00e3o favor\u00e1veis a legaliza\u00e7\u00e3o do aborto, enquanto 4,4% n\u00e3o sabem ou preferiram n\u00e3o opinar.&nbsp;<\/p>\n\n\n\n<p>A legaliza\u00e7\u00e3o da pr\u00e1tica \u00e9 apoiada principalmente por mulheres (19,2%); pessoas de 16 a 24 anos (21,7%); os que t\u00eam ensino superior (22,3%) e moradores da regi\u00e3o Sudeste (37%).<\/p>\n\n\n\n<p>J\u00e1 entre aqueles que s\u00e3o contra a legaliza\u00e7\u00e3o, a maioria s\u00e3o homens (82,6%); pessoas com 60 anos ou mais (83,2%); os que t\u00eam s\u00f3 o ensino fundamental (82,7%) e moradores da regi\u00e3o Sul (79,2%).<\/p>\n\n\n\n<p>A pesquisa foi realizada entre 16 e 19 de janeiro, por meio de liga\u00e7\u00f5es para 898 moradores de 238 munic\u00edpios brasileiros, nos 26 Estados e no Distrito Federal. A margem de erro \u00e9 estimada em 2 pontos percentuais e o grau de confian\u00e7a do estudo \u00e9 de 95%.<\/p>\n\n\n\n<p>A constata\u00e7\u00e3o do perfil conservador do brasileiro em rela\u00e7\u00e3o ao aborto \u00e9 semelhante ao levantamento do PoderData feito no in\u00edcio do m\u00eas.<\/p>\n\n\n\n<p>O estudo mostrou que 58% dos brasileiros s\u00e3o contra a legaliza\u00e7\u00e3o do aborto no Brasil, enquanto 31% s\u00e3o a favor da legaliza\u00e7\u00e3o. Outros 11% n\u00e3o sabem ou n\u00e3o responderam, segundo dados divulgados em 8 de janeiro.<\/p>\n\n\n\n<p>No Brasil, o aborto \u00e9 permitido apenas se a vida da mulher estiver em risco, quando a gesta\u00e7\u00e3o \u00e9 resultante de um estupro ou se o feto for anencef\u00e1lico. Fora destas tr\u00eas situa\u00e7\u00f5es, o procedimento \u00e9 crime, com penas previstas de 1 a 3 anos de deten\u00e7\u00e3o para a gestante, e de 1 a 4 anos de reclus\u00e3o para o m\u00e9dico ou qualquer outra pessoa que realize em outra pessoa o procedimento de retirada do feto.&nbsp;<\/p>\n\n\n\n<p>\n\nFONTE: GUIAME, COM INFORMA\u00c7\u00d5ES DO PODER360\n\n<\/p>\n","protected":false},"excerpt":{"rendered":"<p>Pelo menos 8 em cada 10 brasileiros, o que corresponde a 79% da popula\u00e7\u00e3o, s\u00e3o&nbsp;contra a legaliza\u00e7\u00e3o do aborto&nbsp;no pa\u00eds, de acordo com um levantamento divulgado pelo Paran\u00e1 Pesquisas nesta segunda-feira (25).&nbsp; Por outro lado, 16,6% s\u00e3o favor\u00e1veis a legaliza\u00e7\u00e3o do aborto, enquanto 4,4% n\u00e3o sabem ou preferiram n\u00e3o opinar.&nbsp; A legaliza\u00e7\u00e3o da pr\u00e1tica \u00e9 [&hellip;]<\/p>\n","protected":false},"author":2,"featured_media":7417,"comment_status":"open","ping_status":"open","sticky":false,"template":"","format":"standard","meta":[],"categories":[4],"tags":[14],"_links":{"self":[{"href":"https:\/\/dgospel.com.br\/portal\/index.php\/wp-json\/wp\/v2\/posts\/7416"}],"collection":[{"href":"https:\/\/dgospel.com.br\/portal\/index.php\/wp-json\/wp\/v2\/posts"}],"about":[{"href":"https:\/\/dgospel.com.br\/portal\/index.php\/wp-json\/wp\/v2\/types\/post"}],"author":[{"embeddable":true,"href":"https:\/\/dgospel.com.br\/portal\/index.php\/wp-json\/wp\/v2\/users\/2"}],"replies":[{"embeddable":true,"href":"https:\/\/dgospel.com.br\/portal\/index.php\/wp-json\/wp\/v2\/comments?post=7416"}],"version-history":[{"count":1,"href":"https:\/\/dgospel.com.br\/portal\/index.php\/wp-json\/wp\/v2\/posts\/7416\/revisions"}],"predecessor-version":[{"id":7418,"href":"https:\/\/dgospel.com.br\/portal\/index.php\/wp-json\/wp\/v2\/posts\/7416\/revisions\/7418"}],"wp:featuredmedia":[{"embeddable":true,"href":"https:\/\/dgospel.com.br\/portal\/index.php\/wp-json\/wp\/v2\/media\/7417"}],"wp:attachment":[{"href":"https:\/\/dgospel.com.br\/portal\/index.php\/wp-json\/wp\/v2\/media?parent=7416"}],"wp:term":[{"taxonomy":"category","embeddable":true,"href":"https:\/\/dgospel.com.br\/portal\/index.php\/wp-json\/wp\/v2\/categories?post=7416"},{"taxonomy":"post_tag","embeddable":true,"href":"https:\/\/dgospel.com.br\/portal\/index.php\/wp-json\/wp\/v2\/tags?post=7416"}],"curies":[{"name":"wp","href":"https:\/\/api.w.org\/{rel}","templated":true}]}}