{"id":7422,"date":"2021-01-29T10:11:27","date_gmt":"2021-01-29T13:11:27","guid":{"rendered":"http:\/\/dgospel.com.br\/portal\/?p=7422"},"modified":"2021-01-29T10:11:29","modified_gmt":"2021-01-29T13:11:29","slug":"mauro-carlesse-ouve-demandas-de-prefeitos-referentes-as-areas-de-saude-e-infraestrutura","status":"publish","type":"post","link":"https:\/\/dgospel.com.br\/portal\/index.php\/2021\/01\/29\/mauro-carlesse-ouve-demandas-de-prefeitos-referentes-as-areas-de-saude-e-infraestrutura\/","title":{"rendered":"Mauro Carlesse ouve demandas de prefeitos referentes \u00e0s \u00e1reas de sa\u00fade e infraestrutura"},"content":{"rendered":"\n<p>Em continuidade \u00e0 agenda municipalista que estabeleceu na rotina do Pal\u00e1cio Araguaia, o governador do Estado do Tocantins, Mauro Carlesse, recebeu nesta quinta-feira, 28, os prefeitos dos munic\u00edpios de Dian\u00f3polis, Abreul\u00e2ndia, S\u00e3o Salvador, Palmeir\u00f3polis e Rio da Concei\u00e7\u00e3o. No encontro, intermediado pelo deputado estadual Z\u00e9 Roberto, foram debatidos temas espec\u00edficos relacionados \u00e0 sa\u00fade e \u00e0 infraestrutura.<\/p>\n\n\n\n<p>Na ocasi\u00e3o, o governador Mauro Carlesse refor\u00e7ou a import\u00e2ncia da parceria com os prefeitos e informou que o Governo do Tocantins est\u00e1 trabalhando em um grande projeto, que vai beneficiar todos os 139 munic\u00edpios tocantinenses. \u201cO Estado est\u00e1 caminhando bem&nbsp;e, em grande parte, gra\u00e7as \u00e0s parcerias que estabelecemos com os deputados e os gestores municipais, que querem a mesma coisa que a gente: melhorar a vida dos tocantinenses. Estamos trabalhando em um grande projeto que vai beneficiar todos os 139 munic\u00edpios. Vamos crescer e nos desenvolver cada vez mais e faremos isso juntos\u201d, garantiu.<\/p>\n\n\n\n<p><strong>Demandas locais<\/strong><\/p>\n\n\n\n<p>O prefeito de Dian\u00f3polis, Jos\u00e9 Salom\u00e3o, destacou a import\u00e2ncia de se ter um canal de di\u00e1logo com o Estado na busca por solu\u00e7\u00f5es nos munic\u00edpios. \u201cApresentamos a necessidade de recupera\u00e7\u00e3o da malha asf\u00e1ltica, fortalecimento dos servi\u00e7os do Hospital Regional de Dian\u00f3polis e vemos que estas s\u00e3o demandas que o Governo est\u00e1 ciente e trabalhando para solucionar. A receptividade \u00e9 muito clara a respeito das parcerias que o Governo vai fechar conosco\u201d, afirmou.<\/p>\n\n\n\n<p>O prefeito de Palmeir\u00f3polis, professor Bartolomeu Moura, tamb\u00e9m apresentou as demandas do munic\u00edpio e agradeceu \u00e0 Gest\u00e3o Estadual pela parceria. \u201cPela terceira vez, em menos de um m\u00eas de mandato, n\u00f3s fomos recebidos aqui no Pal\u00e1cio e o sentimento \u00e9 de agradecimento e de elogio pela iniciativa. As pessoas residem nos munic\u00edpios e quando o Governador mostra que tem uma vis\u00e3o neste formato, passa a fortalecer muito a gest\u00e3o municipal. Parabenizamos \u00e0 Gest\u00e3o Carlesse por ter esse entendimento\u201d, destacou.<\/p>\n\n\n\n<p>Em S\u00e3o Salvador, uma das demandas apresentadas pelo prefeito Edmar Jos\u00e9 da Cruz&nbsp;\u00e9 quanto \u00e0 melhoria da infraestrutura nos povoados. \u201cApresentamos nossas demandas da \u00e1rea da sa\u00fade, a necessidade de lama asf\u00e1ltica em alguns trechos, como no Povoado do Retiro&nbsp;e ele nos deu muitas esperan\u00e7as. Vemos que \u00e9 um Governo unido com todos os prefeitos\u201d, frisou Edmar da Cruz.<\/p>\n\n\n\n<p>O deputado Z\u00e9 Roberto tamb\u00e9m ressaltou a import\u00e2ncia do apoio m\u00fatuo entre as gest\u00f5es municipais e a Estadual, afirmando que o Governo do Tocantins tem se utilizado de todas as formas para facilitar este contato e estreitar os la\u00e7os com os gestores. \u201cEsse di\u00e1logo \u00e9 muito importante e ben\u00e9fico para o Tocantins como um todo. Continuaremos a apoiar estas parcerias como forma de levar desenvolvimento a todos os munic\u00edpios\u201d, garantiu.<\/p>\n\n\n\n<p>A reuni\u00e3o foi acompanhada pela secret\u00e1ria de Estado da Infraestrutura, Cidades e Habita\u00e7\u00e3o e presidente da Ag\u00eancia Tocantinense de Transportes e Obras (Ageto), Juliana Passarin; e pelo secret\u00e1rio-executivo de Estado da Sa\u00fade, Quesede Ayres Henrique Campos.<\/p>\n","protected":false},"excerpt":{"rendered":"<p>Em continuidade \u00e0 agenda municipalista que estabeleceu na rotina do Pal\u00e1cio Araguaia, o governador do Estado do Tocantins, Mauro Carlesse, recebeu nesta quinta-feira, 28, os prefeitos dos munic\u00edpios de Dian\u00f3polis, Abreul\u00e2ndia, S\u00e3o Salvador, Palmeir\u00f3polis e Rio da Concei\u00e7\u00e3o. No encontro, intermediado pelo deputado estadual Z\u00e9 Roberto, foram debatidos temas espec\u00edficos relacionados \u00e0 sa\u00fade e \u00e0 [&hellip;]<\/p>\n","protected":false},"author":2,"featured_media":7423,"comment_status":"open","ping_status":"open","sticky":false,"template":"","format":"standard","meta":[],"categories":[3],"tags":[13],"_links":{"self":[{"href":"https:\/\/dgospel.com.br\/portal\/index.php\/wp-json\/wp\/v2\/posts\/7422"}],"collection":[{"href":"https:\/\/dgospel.com.br\/portal\/index.php\/wp-json\/wp\/v2\/posts"}],"about":[{"href":"https:\/\/dgospel.com.br\/portal\/index.php\/wp-json\/wp\/v2\/types\/post"}],"author":[{"embeddable":true,"href":"https:\/\/dgospel.com.br\/portal\/index.php\/wp-json\/wp\/v2\/users\/2"}],"replies":[{"embeddable":true,"href":"https:\/\/dgospel.com.br\/portal\/index.php\/wp-json\/wp\/v2\/comments?post=7422"}],"version-history":[{"count":1,"href":"https:\/\/dgospel.com.br\/portal\/index.php\/wp-json\/wp\/v2\/posts\/7422\/revisions"}],"predecessor-version":[{"id":7424,"href":"https:\/\/dgospel.com.br\/portal\/index.php\/wp-json\/wp\/v2\/posts\/7422\/revisions\/7424"}],"wp:featuredmedia":[{"embeddable":true,"href":"https:\/\/dgospel.com.br\/portal\/index.php\/wp-json\/wp\/v2\/media\/7423"}],"wp:attachment":[{"href":"https:\/\/dgospel.com.br\/portal\/index.php\/wp-json\/wp\/v2\/media?parent=7422"}],"wp:term":[{"taxonomy":"category","embeddable":true,"href":"https:\/\/dgospel.com.br\/portal\/index.php\/wp-json\/wp\/v2\/categories?post=7422"},{"taxonomy":"post_tag","embeddable":true,"href":"https:\/\/dgospel.com.br\/portal\/index.php\/wp-json\/wp\/v2\/tags?post=7422"}],"curies":[{"name":"wp","href":"https:\/\/api.w.org\/{rel}","templated":true}]}}