{"id":7425,"date":"2021-01-29T11:32:33","date_gmt":"2021-01-29T14:32:33","guid":{"rendered":"http:\/\/dgospel.com.br\/portal\/?p=7425"},"modified":"2021-01-29T11:32:35","modified_gmt":"2021-01-29T14:32:35","slug":"veja-os-evangelicos-mais-cotados-para-indicacao-de-bolsonaro-ao-stf","status":"publish","type":"post","link":"https:\/\/dgospel.com.br\/portal\/index.php\/2021\/01\/29\/veja-os-evangelicos-mais-cotados-para-indicacao-de-bolsonaro-ao-stf\/","title":{"rendered":"Veja os evang\u00e9licos mais cotados para indica\u00e7\u00e3o de Bolsonaro ao STF"},"content":{"rendered":"\n<p>O presidente Jair Bolsonaro ter\u00e1 pela frente, mais precisamente em julho desse ano, a enorme responsabilidade de indicar mais um ministro para o Supremo Tribunal Federal (STF), como fez em 2020 ao colocar na Corte o atual ministro Kassio Nunes Marques.<\/p>\n\n\n\n<p>Diferentemente do que fez ao indicar Kassio Nunes, quando foi&nbsp;<a href=\"https:\/\/noticias.gospelmais.com.br\/?p=140974\">duramente criticado<\/a>&nbsp;por aliados ao n\u00e3o sugerir um nome claramente conservador e crist\u00e3o, dessa vez o presidente da Rep\u00fablica se comprometeu em colocar no STF um ministro \u201cterrivelmente evang\u00e9lico\u201d.<\/p>\n\n\n\n<p>\u201cMuitos tentam nos deixar de lado dizendo que o estado \u00e9 laico. O estado \u00e9 laico, mas n\u00f3s somos crist\u00e3os. Ou para plagiar a minha querida Damares [Alves, ministra]: N\u00f3s somos terrivelmente crist\u00e3os. E esse esp\u00edrito deve estar presente em todos os poderes. Por isso, o meu compromisso: poderei indicar dois ministros para o Supremo Tribunal Federal [STF]. Um deles ser\u00e1 terrivelmente evang\u00e9lico\u201d, declarou o presidente em 2019, segundo o&nbsp;<a href=\"https:\/\/g1.globo.com\/politica\/noticia\/2019\/07\/10\/bolsonaro-diz-que-vai-indicar-ministro-terrivelmente-evangelico-para-o-stf.ghtml\">G1<\/a>.<\/p>\n\n\n\n<p>Entre os mais cotados est\u00e3o o atual ministro da Justi\u00e7a e Seguran\u00e7a P\u00fablica, Andr\u00e9 Mendon\u00e7a, que \u00e9 pastor da Igreja Presbiteriana do Brasil, com mestrado e doutorado na Universidade de Salamanca, na Espanha e p\u00f3s-graduado em Direito P\u00fablico pela Universidade de Bras\u00edlia.<\/p>\n\n\n\n<p>William Douglas Resinente dos Santos, que \u00e9 juiz federal da 4\u00aa Vara Federal de Niter\u00f3i, no Rio de Janeiro, e possui longa trajet\u00f3ria de atua\u00e7\u00e3o no campo social, sendo professor universit\u00e1rio, p\u00f3s-graduado em Pol\u00edticas P\u00fablicas e Governo e mestre em Estado e Cidadania, autor de mais de 50 livros.<\/p>\n\n\n\n<p>E Humberto Martins, atual presidente do Superior Tribunal de Justi\u00e7a (STJ) e corregedor nacional de Justi\u00e7a, ex-procurador e promotor de Justi\u00e7a de Alagoas, onde tamb\u00e9m lecionou na Universidade Federal do estado.<\/p>\n\n\n\n<p>Dos tr\u00eas nomes poss\u00edveis, o ministro Andr\u00e9 Mendon\u00e7a possui destaque natural pelo cargo que ocupa, a frente da Justi\u00e7a e Seguran\u00e7a P\u00fablica, onde vem desempenhando um trabalho que j\u00e1 foi elogiado pelo pr\u00f3prio Bolsonaro.<\/p>\n\n\n\n<p>O filho do presidente, Eduardo Bolsonaro, tamb\u00e9m j\u00e1 destacou a fun\u00e7\u00e3o religiosa de Mendon\u00e7a, como pastor, o que corrobora com a promessa do chefe do Executivo em colocar algu\u00e9m \u201cterrivelmente evang\u00e9lico\u201d no STF.<\/p>\n\n\n\n<p>Ao defender das cr\u00edticas da oposi\u00e7\u00e3o os ministros religiosos no governo federal, Eduardo comentou: \u201cFizeram alguma conduta descrita como criminosa no c\u00f3digo penal? N\u00e3o. O que fizeram? S\u00e3o pastores com lugar de destaque na sociedade e isso mais do que irrita muita gente\u201d.<\/p>\n\n\n\n<p>Fonte: gospelmai<\/p>\n\n\n","protected":false},"excerpt":{"rendered":"<p>O presidente Jair Bolsonaro ter\u00e1 pela frente, mais precisamente em julho desse ano, a enorme responsabilidade de indicar mais um ministro para o Supremo Tribunal Federal (STF), como fez em 2020 ao colocar na Corte o atual ministro Kassio Nunes Marques. Diferentemente do que fez ao indicar Kassio Nunes, quando foi&nbsp;duramente criticado&nbsp;por aliados ao n\u00e3o [&hellip;]<\/p>\n","protected":false},"author":2,"featured_media":7426,"comment_status":"open","ping_status":"open","sticky":false,"template":"","format":"standard","meta":[],"categories":[4],"tags":[14],"_links":{"self":[{"href":"https:\/\/dgospel.com.br\/portal\/index.php\/wp-json\/wp\/v2\/posts\/7425"}],"collection":[{"href":"https:\/\/dgospel.com.br\/portal\/index.php\/wp-json\/wp\/v2\/posts"}],"about":[{"href":"https:\/\/dgospel.com.br\/portal\/index.php\/wp-json\/wp\/v2\/types\/post"}],"author":[{"embeddable":true,"href":"https:\/\/dgospel.com.br\/portal\/index.php\/wp-json\/wp\/v2\/users\/2"}],"replies":[{"embeddable":true,"href":"https:\/\/dgospel.com.br\/portal\/index.php\/wp-json\/wp\/v2\/comments?post=7425"}],"version-history":[{"count":1,"href":"https:\/\/dgospel.com.br\/portal\/index.php\/wp-json\/wp\/v2\/posts\/7425\/revisions"}],"predecessor-version":[{"id":7427,"href":"https:\/\/dgospel.com.br\/portal\/index.php\/wp-json\/wp\/v2\/posts\/7425\/revisions\/7427"}],"wp:featuredmedia":[{"embeddable":true,"href":"https:\/\/dgospel.com.br\/portal\/index.php\/wp-json\/wp\/v2\/media\/7426"}],"wp:attachment":[{"href":"https:\/\/dgospel.com.br\/portal\/index.php\/wp-json\/wp\/v2\/media?parent=7425"}],"wp:term":[{"taxonomy":"category","embeddable":true,"href":"https:\/\/dgospel.com.br\/portal\/index.php\/wp-json\/wp\/v2\/categories?post=7425"},{"taxonomy":"post_tag","embeddable":true,"href":"https:\/\/dgospel.com.br\/portal\/index.php\/wp-json\/wp\/v2\/tags?post=7425"}],"curies":[{"name":"wp","href":"https:\/\/api.w.org\/{rel}","templated":true}]}}