{"id":7428,"date":"2021-01-29T11:35:54","date_gmt":"2021-01-29T14:35:54","guid":{"rendered":"http:\/\/dgospel.com.br\/portal\/?p=7428"},"modified":"2021-01-29T11:35:56","modified_gmt":"2021-01-29T14:35:56","slug":"milton-ribeiro-e-atacado-por-ensinar-que-a-biblia-condena-a-homossexualidade","status":"publish","type":"post","link":"https:\/\/dgospel.com.br\/portal\/index.php\/2021\/01\/29\/milton-ribeiro-e-atacado-por-ensinar-que-a-biblia-condena-a-homossexualidade\/","title":{"rendered":"Milton Ribeiro \u00e9 atacado por ensinar que a B\u00edblia condena a homossexualidade"},"content":{"rendered":"\n<p>O ministro da Educa\u00e7\u00e3o, pastor Milton Ribeiro, est\u00e1 sendo alvo de um inqu\u00e9rito no Supremo Tribunal Federal (STF) por suposta \u201chomofobia\u201d, ap\u00f3s dizer em uma entrevista que n\u00e3o concorda com a homossexualidade, e que h\u00e1 casos de pessoas que s\u00e3o gays por terem vivido em um ambiente familiar desajustado.<\/p>\n\n\n\n<p>Ribeiro deu uma entrevista ao Estad\u00e3o em setembro do ano passado, quando foi questionado sobre os conte\u00fados da disciplina de educa\u00e7\u00e3o sexual nas salas de aula. Ele disse que o MEC dever\u00e1 rever o conte\u00fado, focando apenas nos aspectos consensuais da mat\u00e9ria, como preven\u00e7\u00e3o \u00e0 gravidez e desenvolvimento.<\/p>\n\n\n\n<p>Temas como \u201cidentidade de g\u00eanero\u201d, por exemplo, Milton Ribeiro disse n\u00e3o concordar que seja trazido para a escola, apesar de ser preciso haver respeito e toler\u00e2ncia em todos os aspectos. Foi nesse contexto que ele comentou:<\/p>\n\n\n\n<p>\u201c\u00c9 claro que \u00e9 importante mostrar que h\u00e1 toler\u00e2ncia, mas normalizar isso, e achar que est\u00e1 tudo certo, \u00e9 uma quest\u00e3o de opini\u00e3o. Acho que o adolescente que muitas vezes opta por andar no caminho do homossexualismo tem um contexto familiar muito pr\u00f3ximo, basta fazer uma pesquisa. S\u00e3o fam\u00edlias desajustadas, algumas. Falta aten\u00e7\u00e3o do pai, falta aten\u00e7\u00e3o da m\u00e3e. Vejo menino de 12, 13 anos optando por ser gay, nunca esteve com uma mulher de fato, com um homem de fato e caminhar por a\u00ed. S\u00e3o quest\u00f5es de valores e princ\u00edpios\u201d.<\/p>\n\n\n\n<p>Ap\u00f3s essa declara\u00e7\u00e3o, parlamentares progressistas como David Miranda (PSOL-RJ) e o senador Fabiano Contarato (Rede-ES) disseram que ingressariam no Minist\u00e9rio P\u00fablico Federal contra o pastor, alegando que ele teria cometido o crime de \u201chomofobia\u201d. A Procuradoria Geral da Rep\u00fablica, ent\u00e3o, acionou o STF pela abertura de um inqu\u00e9rito a fim de investigar o caso.<\/p>\n\n\n\n<p>No \u00faltimo domingo, Milton Ribeiro comentou a persegui\u00e7\u00e3o que vem sofrendo por defender a sua liberdade de consci\u00eancia, opini\u00e3o e cren\u00e7a, uma vez que o ministro apenas expressou a sua vis\u00e3o sobre o que para ele est\u00e1 relacionado ao comportamento homossexual, al\u00e9m de defender os pr\u00f3prios valores, os quais est\u00e3o centrados na B\u00edblia Sagrada.<\/p>\n\n\n\n<p>\u201cN\u00f3s queremos tirar o Brasil de um rumo de desastre, em que valores como fam\u00edlia, como cria\u00e7\u00e3o de filhos, o que \u00e9 certo, o que \u00e9 errado, pudessem ser novamente restabelecidos. A B\u00edblia diz que haveria um tempo em que as pessoas iriam chamar o que \u00e9 errado de certo, e o que \u00e9 certo de errado\u201d, disse ele ao ministrar em um culto na Igreja Presbiteriana Jardim de Ora\u00e7\u00e3o, em S\u00e3o Paulo, onde atua como pastor.<\/p>\n\n\n\n<p>\u201cAt\u00e9 mesmo o inqu\u00e9rito que eu enfrento no Supremo Tribunal Federal tem a ver com isso, com algo que Jesus n\u00e3o tem nenhum receio de dizer que n\u00e3o \u00e9 o caminho certo. Estou muito tranquilo, meu cora\u00e7\u00e3o est\u00e1 tranquilo. Esse \u00e9 um desabafo que eu fa\u00e7o com a minha igreja: meu cora\u00e7\u00e3o est\u00e1 tranquilo. Porque n\u00e3o fui chamado no Supremo Tribunal Federal para responder por desvio de dinheiro, nem por coisas erradas, mas porque eu disse o que a B\u00edblia diz e ponto final\u201d, afirmou, segundo o\u00a0<a href=\"https:\/\/www.correiobraziliense.com.br\/politica\/2021\/01\/4902481-ministro-diz-que-seu-papel-na-educacao-e-mais-espiritual-do-que-politico.html\">Correio Braziliense.<\/a><\/p>\n\n\n\n<p>Fonte: gospelmais<\/p>\n","protected":false},"excerpt":{"rendered":"<p>O ministro da Educa\u00e7\u00e3o, pastor Milton Ribeiro, est\u00e1 sendo alvo de um inqu\u00e9rito no Supremo Tribunal Federal (STF) por suposta \u201chomofobia\u201d, ap\u00f3s dizer em uma entrevista que n\u00e3o concorda com a homossexualidade, e que h\u00e1 casos de pessoas que s\u00e3o gays por terem vivido em um ambiente familiar desajustado. Ribeiro deu uma entrevista ao Estad\u00e3o [&hellip;]<\/p>\n","protected":false},"author":2,"featured_media":7429,"comment_status":"open","ping_status":"open","sticky":false,"template":"","format":"standard","meta":[],"categories":[5,4],"tags":[14],"_links":{"self":[{"href":"https:\/\/dgospel.com.br\/portal\/index.php\/wp-json\/wp\/v2\/posts\/7428"}],"collection":[{"href":"https:\/\/dgospel.com.br\/portal\/index.php\/wp-json\/wp\/v2\/posts"}],"about":[{"href":"https:\/\/dgospel.com.br\/portal\/index.php\/wp-json\/wp\/v2\/types\/post"}],"author":[{"embeddable":true,"href":"https:\/\/dgospel.com.br\/portal\/index.php\/wp-json\/wp\/v2\/users\/2"}],"replies":[{"embeddable":true,"href":"https:\/\/dgospel.com.br\/portal\/index.php\/wp-json\/wp\/v2\/comments?post=7428"}],"version-history":[{"count":1,"href":"https:\/\/dgospel.com.br\/portal\/index.php\/wp-json\/wp\/v2\/posts\/7428\/revisions"}],"predecessor-version":[{"id":7430,"href":"https:\/\/dgospel.com.br\/portal\/index.php\/wp-json\/wp\/v2\/posts\/7428\/revisions\/7430"}],"wp:featuredmedia":[{"embeddable":true,"href":"https:\/\/dgospel.com.br\/portal\/index.php\/wp-json\/wp\/v2\/media\/7429"}],"wp:attachment":[{"href":"https:\/\/dgospel.com.br\/portal\/index.php\/wp-json\/wp\/v2\/media?parent=7428"}],"wp:term":[{"taxonomy":"category","embeddable":true,"href":"https:\/\/dgospel.com.br\/portal\/index.php\/wp-json\/wp\/v2\/categories?post=7428"},{"taxonomy":"post_tag","embeddable":true,"href":"https:\/\/dgospel.com.br\/portal\/index.php\/wp-json\/wp\/v2\/tags?post=7428"}],"curies":[{"name":"wp","href":"https:\/\/api.w.org\/{rel}","templated":true}]}}