{"id":7431,"date":"2021-01-29T11:47:30","date_gmt":"2021-01-29T14:47:30","guid":{"rendered":"http:\/\/dgospel.com.br\/portal\/?p=7431"},"modified":"2021-01-29T11:47:32","modified_gmt":"2021-01-29T14:47:32","slug":"2022-revista-veja-divulga-nova-pesquisa-e-bolsonaro-lidera","status":"publish","type":"post","link":"https:\/\/dgospel.com.br\/portal\/index.php\/2021\/01\/29\/2022-revista-veja-divulga-nova-pesquisa-e-bolsonaro-lidera\/","title":{"rendered":"2022: Revista Veja divulga nova pesquisa e Bolsonaro lidera"},"content":{"rendered":"\n<p> Um levantamento, feito pelo instituto Paran\u00e1 Pesquisas e divulgado nesta sexta-feira (29) pela revista Veja, aponta que o presidente\u00a0<a rel=\"noreferrer noopener\" href=\"https:\/\/pleno.news\/tag\/jair-bolsonaro\" target=\"_blank\">Jair Bolsonaro<\/a>\u00a0est\u00e1 na lideran\u00e7a de todos os cen\u00e1rios de pesquisa para a elei\u00e7\u00e3o presidencial de 2022. A an\u00e1lise foi feita pela empresa de pesquisa entre os dias 22 e 26 de janeiro. <\/p>\n\n\n\n<p>\n\nNo cen\u00e1rio mais realista para 2022, Bolsonaro lidera o primeiro turno com 30,5% das inten\u00e7\u00f5es de voto, seguido pelo ex-ministro&nbsp;<a href=\"https:\/\/pleno.news\/tag\/sergio-moro\" target=\"_blank\" rel=\"noreferrer noopener\">Sergio Moro<\/a>&nbsp;(12%), Ciro Gomes, do PDT (10,6%), Fernando Haddad, do PT (9,5%) e Luciano Huck (8,1%).<\/p>\n\n\n\n<p>J\u00e1 em um cen\u00e1rio mais favor\u00e1vel a Bolsonaro, aquele em que Moro n\u00e3o disputa, o presidente aparece com 33,7%, contra 12,1% de Ciro na segunda coloca\u00e7\u00e3o; uma diferen\u00e7a superior a 20 pontos. Nesse quadro, Haddad aparece com 11,7% e Huck com 9,4%.<\/p>\n\n\n\n<p>Em um eventual segundo turno, Bolsonaro lidera em quatro dos cen\u00e1rios, mas empata tecnicamente com Moro (39,1% a 37,6%). Contra Lula, a lideran\u00e7a do atual presidente fica em quase sete pontos percentuais (42,4% a 35,7%). A simula\u00e7\u00e3o mais tranquila para o presidente \u00e9 quando ele enfrenta Jo\u00e3o Doria \u2013 a dist\u00e2ncia entre eles \u00e9 de mais de 15 pontos percentuais (44,9% a 29,4%).<\/p>\n\n\n\n<p>A pesquisa foi realizada com 2.002 pessoas, em 204 munic\u00edpios dos 26 estados brasileiros e do Distrito Federal, e a margem de erro \u00e9 de dois pontos percentuais para mais ou para menos.<\/p>\n","protected":false},"excerpt":{"rendered":"<p>Um levantamento, feito pelo instituto Paran\u00e1 Pesquisas e divulgado nesta sexta-feira (29) pela revista Veja, aponta que o presidente\u00a0Jair Bolsonaro\u00a0est\u00e1 na lideran\u00e7a de todos os cen\u00e1rios de pesquisa para a elei\u00e7\u00e3o presidencial de 2022. A an\u00e1lise foi feita pela empresa de pesquisa entre os dias 22 e 26 de janeiro. No cen\u00e1rio mais realista para [&hellip;]<\/p>\n","protected":false},"author":2,"featured_media":7432,"comment_status":"open","ping_status":"open","sticky":false,"template":"","format":"standard","meta":[],"categories":[4],"tags":[14],"_links":{"self":[{"href":"https:\/\/dgospel.com.br\/portal\/index.php\/wp-json\/wp\/v2\/posts\/7431"}],"collection":[{"href":"https:\/\/dgospel.com.br\/portal\/index.php\/wp-json\/wp\/v2\/posts"}],"about":[{"href":"https:\/\/dgospel.com.br\/portal\/index.php\/wp-json\/wp\/v2\/types\/post"}],"author":[{"embeddable":true,"href":"https:\/\/dgospel.com.br\/portal\/index.php\/wp-json\/wp\/v2\/users\/2"}],"replies":[{"embeddable":true,"href":"https:\/\/dgospel.com.br\/portal\/index.php\/wp-json\/wp\/v2\/comments?post=7431"}],"version-history":[{"count":1,"href":"https:\/\/dgospel.com.br\/portal\/index.php\/wp-json\/wp\/v2\/posts\/7431\/revisions"}],"predecessor-version":[{"id":7433,"href":"https:\/\/dgospel.com.br\/portal\/index.php\/wp-json\/wp\/v2\/posts\/7431\/revisions\/7433"}],"wp:featuredmedia":[{"embeddable":true,"href":"https:\/\/dgospel.com.br\/portal\/index.php\/wp-json\/wp\/v2\/media\/7432"}],"wp:attachment":[{"href":"https:\/\/dgospel.com.br\/portal\/index.php\/wp-json\/wp\/v2\/media?parent=7431"}],"wp:term":[{"taxonomy":"category","embeddable":true,"href":"https:\/\/dgospel.com.br\/portal\/index.php\/wp-json\/wp\/v2\/categories?post=7431"},{"taxonomy":"post_tag","embeddable":true,"href":"https:\/\/dgospel.com.br\/portal\/index.php\/wp-json\/wp\/v2\/tags?post=7431"}],"curies":[{"name":"wp","href":"https:\/\/api.w.org\/{rel}","templated":true}]}}