{"id":7434,"date":"2021-01-30T09:50:10","date_gmt":"2021-01-30T12:50:10","guid":{"rendered":"http:\/\/dgospel.com.br\/portal\/?p=7434"},"modified":"2021-01-30T09:50:15","modified_gmt":"2021-01-30T12:50:15","slug":"prefeitura-de-palmas-cancela-palmas-capital-da-fe-e-demais-festividades","status":"publish","type":"post","link":"https:\/\/dgospel.com.br\/portal\/index.php\/2021\/01\/30\/prefeitura-de-palmas-cancela-palmas-capital-da-fe-e-demais-festividades\/","title":{"rendered":"Prefeitura de Palmas cancela Palmas Capital da F\u00e9 e demais festividades"},"content":{"rendered":"\n<p>Para coibir aglomera\u00e7\u00f5es, minimizar a contamina\u00e7\u00e3o pelo novo coronav\u00edrus (Covid-19) e a sobrecarga no sistema de sa\u00fade, a Prefeitura da Capital cancelou o Palmas Capital da F\u00e9 e demais festividades no per\u00edodo de 12 a 16 de fevereiro. O Decreto n\u00ba 1.985, publicado na edi\u00e7\u00e3o desta sexta-feira, 29, do Di\u00e1rio Oficial do Munic\u00edpio, especifica que ficam canceladas atividades em ambiente p\u00fablico ou privado, na zona urbana ou rural, em clubes, espa\u00e7os de festas, pousadas, hot\u00e9is, bares, restaurantes, flutuantes ou vias p\u00fablicas, assim como retiros de igrejas.<\/p>\n\n\n\n<p>O decreto considera que compete \u00e0 Administra\u00e7\u00e3o P\u00fablica tomar medidas efetivas que visem proteger os interesses coletivos e o bem-estar social da comunidade, em especial para garantir o direito \u00e0 sa\u00fade e a redu\u00e7\u00e3o do risco de doen\u00e7as.<\/p>\n\n\n\n<p>O Boletim Epidemiol\u00f3gico desta sexta-feira informa que a taxa de ocupa\u00e7\u00e3o hospitalar total em Palmas \u00e9 de 52,8%, e 117 novos casos de Covid-19 foram registrados nesta data.<br><\/p>\n","protected":false},"excerpt":{"rendered":"<p>Para coibir aglomera\u00e7\u00f5es, minimizar a contamina\u00e7\u00e3o pelo novo coronav\u00edrus (Covid-19) e a sobrecarga no sistema de sa\u00fade, a Prefeitura da Capital cancelou o Palmas Capital da F\u00e9 e demais festividades no per\u00edodo de 12 a 16 de fevereiro. O Decreto n\u00ba 1.985, publicado na edi\u00e7\u00e3o desta sexta-feira, 29, do Di\u00e1rio Oficial do Munic\u00edpio, especifica que [&hellip;]<\/p>\n","protected":false},"author":2,"featured_media":7435,"comment_status":"open","ping_status":"open","sticky":false,"template":"","format":"standard","meta":[],"categories":[4],"tags":[13],"_links":{"self":[{"href":"https:\/\/dgospel.com.br\/portal\/index.php\/wp-json\/wp\/v2\/posts\/7434"}],"collection":[{"href":"https:\/\/dgospel.com.br\/portal\/index.php\/wp-json\/wp\/v2\/posts"}],"about":[{"href":"https:\/\/dgospel.com.br\/portal\/index.php\/wp-json\/wp\/v2\/types\/post"}],"author":[{"embeddable":true,"href":"https:\/\/dgospel.com.br\/portal\/index.php\/wp-json\/wp\/v2\/users\/2"}],"replies":[{"embeddable":true,"href":"https:\/\/dgospel.com.br\/portal\/index.php\/wp-json\/wp\/v2\/comments?post=7434"}],"version-history":[{"count":1,"href":"https:\/\/dgospel.com.br\/portal\/index.php\/wp-json\/wp\/v2\/posts\/7434\/revisions"}],"predecessor-version":[{"id":7436,"href":"https:\/\/dgospel.com.br\/portal\/index.php\/wp-json\/wp\/v2\/posts\/7434\/revisions\/7436"}],"wp:featuredmedia":[{"embeddable":true,"href":"https:\/\/dgospel.com.br\/portal\/index.php\/wp-json\/wp\/v2\/media\/7435"}],"wp:attachment":[{"href":"https:\/\/dgospel.com.br\/portal\/index.php\/wp-json\/wp\/v2\/media?parent=7434"}],"wp:term":[{"taxonomy":"category","embeddable":true,"href":"https:\/\/dgospel.com.br\/portal\/index.php\/wp-json\/wp\/v2\/categories?post=7434"},{"taxonomy":"post_tag","embeddable":true,"href":"https:\/\/dgospel.com.br\/portal\/index.php\/wp-json\/wp\/v2\/tags?post=7434"}],"curies":[{"name":"wp","href":"https:\/\/api.w.org\/{rel}","templated":true}]}}