{"id":7437,"date":"2021-01-30T10:04:37","date_gmt":"2021-01-30T13:04:37","guid":{"rendered":"http:\/\/dgospel.com.br\/portal\/?p=7437"},"modified":"2021-01-30T10:04:38","modified_gmt":"2021-01-30T13:04:38","slug":"decreto-estabelece-funcionamento-do-comercio-entre-6-e-23-horas-em-palmas","status":"publish","type":"post","link":"https:\/\/dgospel.com.br\/portal\/index.php\/2021\/01\/30\/decreto-estabelece-funcionamento-do-comercio-entre-6-e-23-horas-em-palmas\/","title":{"rendered":"Decreto estabelece funcionamento do com\u00e9rcio entre 6 e 23 horas em Palmas"},"content":{"rendered":"\n<p>A Prefeitura de Palmas publicou nesta sexta-feira, 29, no Di\u00e1rio Oficial do Munic\u00edpio, o Decreto n\u00ba 1.986, que estabelece entre 6 e 23 horas o hor\u00e1rio de funcionamento dos estabelecimentos comerciais considerados n\u00e3o essenciais.<\/p>\n\n\n\n<p>Este decreto altera outro, publicado no dia 22 de janeiro, de n\u00ba 1.982, no caput do Art. 1\u00ba, que ficou com a seguinte reda\u00e7\u00e3o: \u201cFica estabelecido, das 6h \u00e0s 23h, o hor\u00e1rio de funcionamento das atividades comerciais no Munic\u00edpio, exceto para postos de combust\u00edveis, farm\u00e1cias, servi\u00e7os hospitalares e servi\u00e7os de hotelaria, que, pela natureza, s\u00e3o considerados essenciais.<\/p>\n\n\n\n<p>O objetivo \u00e9 sanar eventual d\u00favida quanto ao prop\u00f3sito da medida, que \u00e9 minimizar a circula\u00e7\u00e3o e aglomera\u00e7\u00e3o de pessoas e, com isso, reduzir as chances de transmiss\u00e3o do novo coronav\u00edrus (Covid-19).<\/p>\n\n\n\n<p>O decreto publicado nesta sexta tamb\u00e9m revoga o par\u00e1grafo 3\u00ba do Art. 12, do Decreto n\u00ba 1.856, de 14 de mar\u00e7o de 2020.<br><\/p>\n","protected":false},"excerpt":{"rendered":"<p>A Prefeitura de Palmas publicou nesta sexta-feira, 29, no Di\u00e1rio Oficial do Munic\u00edpio, o Decreto n\u00ba 1.986, que estabelece entre 6 e 23 horas o hor\u00e1rio de funcionamento dos estabelecimentos comerciais considerados n\u00e3o essenciais. Este decreto altera outro, publicado no dia 22 de janeiro, de n\u00ba 1.982, no caput do Art. 1\u00ba, que ficou com [&hellip;]<\/p>\n","protected":false},"author":2,"featured_media":7438,"comment_status":"open","ping_status":"open","sticky":false,"template":"","format":"standard","meta":[],"categories":[3],"tags":[13],"_links":{"self":[{"href":"https:\/\/dgospel.com.br\/portal\/index.php\/wp-json\/wp\/v2\/posts\/7437"}],"collection":[{"href":"https:\/\/dgospel.com.br\/portal\/index.php\/wp-json\/wp\/v2\/posts"}],"about":[{"href":"https:\/\/dgospel.com.br\/portal\/index.php\/wp-json\/wp\/v2\/types\/post"}],"author":[{"embeddable":true,"href":"https:\/\/dgospel.com.br\/portal\/index.php\/wp-json\/wp\/v2\/users\/2"}],"replies":[{"embeddable":true,"href":"https:\/\/dgospel.com.br\/portal\/index.php\/wp-json\/wp\/v2\/comments?post=7437"}],"version-history":[{"count":1,"href":"https:\/\/dgospel.com.br\/portal\/index.php\/wp-json\/wp\/v2\/posts\/7437\/revisions"}],"predecessor-version":[{"id":7439,"href":"https:\/\/dgospel.com.br\/portal\/index.php\/wp-json\/wp\/v2\/posts\/7437\/revisions\/7439"}],"wp:featuredmedia":[{"embeddable":true,"href":"https:\/\/dgospel.com.br\/portal\/index.php\/wp-json\/wp\/v2\/media\/7438"}],"wp:attachment":[{"href":"https:\/\/dgospel.com.br\/portal\/index.php\/wp-json\/wp\/v2\/media?parent=7437"}],"wp:term":[{"taxonomy":"category","embeddable":true,"href":"https:\/\/dgospel.com.br\/portal\/index.php\/wp-json\/wp\/v2\/categories?post=7437"},{"taxonomy":"post_tag","embeddable":true,"href":"https:\/\/dgospel.com.br\/portal\/index.php\/wp-json\/wp\/v2\/tags?post=7437"}],"curies":[{"name":"wp","href":"https:\/\/api.w.org\/{rel}","templated":true}]}}