{"id":7446,"date":"2021-02-01T15:30:32","date_gmt":"2021-02-01T18:30:32","guid":{"rendered":"http:\/\/dgospel.com.br\/portal\/?p=7446"},"modified":"2021-02-01T15:30:34","modified_gmt":"2021-02-01T18:30:34","slug":"leo-barbosa-assume-a-segunda-vice-presidencia-da-al-tocantins","status":"publish","type":"post","link":"https:\/\/dgospel.com.br\/portal\/index.php\/2021\/02\/01\/leo-barbosa-assume-a-segunda-vice-presidencia-da-al-tocantins\/","title":{"rendered":"L\u00e9o Barbosa assume a segunda vice-presid\u00eancia da AL Tocantins"},"content":{"rendered":"\n<p>Durante a manh\u00e3 desta ter\u00e7a-feira, 01, o deputado estadual L\u00e9o Barbosa (Solidariedade) tomou posse como segundo vice-presidente da Mesa Diretora da Assembleia Legislativa do Tocantins, para o Bi\u00eanio&nbsp;<a href=\"tel:20212022\" target=\"_blank\" rel=\"noreferrer noopener\">2021\/2022<\/a>.<\/p>\n\n\n\n<p>Barbosa iniciou a sua fala destacando os esfor\u00e7os da Assembleia e do Governo para restabelecer a situa\u00e7\u00e3o financeira do estado e tamb\u00e9m conseguir suprir as necessidades dos tocantinenses durante a pandemia da Covid-19.&nbsp;<\/p>\n\n\n\n<p>&#8220;Estou feliz de viver um novo momento do nosso mandato. Os primeiros dois anos seguramente foram desafiadores, porque n\u00f3s j\u00e1 entramos com o dever de restaurar a sa\u00fade financeira desse estado, promover medidas muitas vezes incompreendidas, mas necess\u00e1rias para o futuro do Tocantins. Logo em seguida veio a pandemia e tivemos que direcionar todos os esfor\u00e7os, tanto dentro da Casa de Leis quanto do Governo do Estado, para a sa\u00fade, assist\u00eancia social e para buscar amenizar a situa\u00e7\u00e3o para os nossos tocantinenses&#8221;, ressaltou L\u00e9o.<\/p>\n\n\n\n<p>O parlamentar disse que inicia o segundo bi\u00eanio do mandato convicto de que a Casa de Leis tem a obriga\u00e7\u00e3o de continuar trabalhando no combate \u00e0 pandemia e falou ainda sobre a import\u00e2ncia do trabalho dos profissionais da sa\u00fade neste per\u00edodo. &#8220;A vacina que acabou de chegar \u00e9 um alento, \u00e9 uma esperan\u00e7a, uma luz no fim do t\u00fanel e estou convicto que com a for\u00e7a dos tocantinenses, com os esfor\u00e7os desta Casa, com a dedica\u00e7\u00e3o do governo, mas acima de tudo com o trabalho dos T\u00e9cnicos de Enfermagem, Enfermeiras, Fisioterapeutas e M\u00e9dicos que chegam ap\u00f3s o plant\u00e3o de 12 horas, cansados e com a cara marcada de usar m\u00e1scara o dia inteiro, passaremos por este momento e vamos poder implementar outras pol\u00edticas p\u00fablicas esperadas pelo povo&#8221;.<\/p>\n\n\n\n<p>Na oportunidade, Barbosa tamb\u00e9m agradeceu aos colegas e parabenizou o deputado Ant\u00f4nio Andrade (PTB) que foi reconduzido ao cargo de presidente da Assembleia Legislativa. &#8220;Quero agradecer aqui aos colegas que votaram em mim, que me deram a oportunidade de subir nesta Mesa, e dizer que n\u00f3s vamos nos dedicar para que o processo ocorra de forma natural e tranquila para o bem desta Casa, e principalmente para o bem do povo do nosso Tocantins&#8221;, completou.<\/p>\n\n\n\n<p>A solenidade, que tamb\u00e9m marcou o in\u00edcio do ano legislativo, foi&nbsp;restrita aos deputados, familiares e representantes dos poderes Executivo e Judici\u00e1rio, a&nbsp;fim de evitar aglomera\u00e7\u00f5es.<\/p>\n\n\n\n<p>Os deputados que comp\u00f5em a Mesa Diretora para o bi\u00eanio&nbsp;<a href=\"tel:20212022\" target=\"_blank\" rel=\"noreferrer noopener\">2021\/2022<\/a>&nbsp;s\u00e3o:<\/p>\n\n\n\n<p>Presidente: Ant\u00f4nio Andrade<br>1\u00ba Vice-Presidente: Cleiton Cardoso<br>2\u00ba Vice-Presidente: L\u00e9o Barbosa<br>1\u00ba Secret\u00e1rio: Jair Farias<br>2\u00ba Secret\u00e1rio: Valdemar J\u00fanior<br>3\u00aa Secret\u00e1ria: Vanda Monteiro<br>4\u00aa Secret\u00e1ria: Am\u00e1lia Santana<\/p>\n","protected":false},"excerpt":{"rendered":"<p>Durante a manh\u00e3 desta ter\u00e7a-feira, 01, o deputado estadual L\u00e9o Barbosa (Solidariedade) tomou posse como segundo vice-presidente da Mesa Diretora da Assembleia Legislativa do Tocantins, para o Bi\u00eanio&nbsp;2021\/2022. Barbosa iniciou a sua fala destacando os esfor\u00e7os da Assembleia e do Governo para restabelecer a situa\u00e7\u00e3o financeira do estado e tamb\u00e9m conseguir suprir as necessidades dos [&hellip;]<\/p>\n","protected":false},"author":2,"featured_media":7447,"comment_status":"open","ping_status":"open","sticky":false,"template":"","format":"standard","meta":[],"categories":[8],"tags":[13],"_links":{"self":[{"href":"https:\/\/dgospel.com.br\/portal\/index.php\/wp-json\/wp\/v2\/posts\/7446"}],"collection":[{"href":"https:\/\/dgospel.com.br\/portal\/index.php\/wp-json\/wp\/v2\/posts"}],"about":[{"href":"https:\/\/dgospel.com.br\/portal\/index.php\/wp-json\/wp\/v2\/types\/post"}],"author":[{"embeddable":true,"href":"https:\/\/dgospel.com.br\/portal\/index.php\/wp-json\/wp\/v2\/users\/2"}],"replies":[{"embeddable":true,"href":"https:\/\/dgospel.com.br\/portal\/index.php\/wp-json\/wp\/v2\/comments?post=7446"}],"version-history":[{"count":1,"href":"https:\/\/dgospel.com.br\/portal\/index.php\/wp-json\/wp\/v2\/posts\/7446\/revisions"}],"predecessor-version":[{"id":7448,"href":"https:\/\/dgospel.com.br\/portal\/index.php\/wp-json\/wp\/v2\/posts\/7446\/revisions\/7448"}],"wp:featuredmedia":[{"embeddable":true,"href":"https:\/\/dgospel.com.br\/portal\/index.php\/wp-json\/wp\/v2\/media\/7447"}],"wp:attachment":[{"href":"https:\/\/dgospel.com.br\/portal\/index.php\/wp-json\/wp\/v2\/media?parent=7446"}],"wp:term":[{"taxonomy":"category","embeddable":true,"href":"https:\/\/dgospel.com.br\/portal\/index.php\/wp-json\/wp\/v2\/categories?post=7446"},{"taxonomy":"post_tag","embeddable":true,"href":"https:\/\/dgospel.com.br\/portal\/index.php\/wp-json\/wp\/v2\/tags?post=7446"}],"curies":[{"name":"wp","href":"https:\/\/api.w.org\/{rel}","templated":true}]}}