{"id":7455,"date":"2021-02-02T08:59:21","date_gmt":"2021-02-02T11:59:21","guid":{"rendered":"http:\/\/dgospel.com.br\/portal\/?p=7455"},"modified":"2021-02-02T08:59:23","modified_gmt":"2021-02-02T11:59:23","slug":"arthur-lira-e-eleito-presidente-da-camara-dos-deputados-em-1o-turno-com-302-votos","status":"publish","type":"post","link":"https:\/\/dgospel.com.br\/portal\/index.php\/2021\/02\/02\/arthur-lira-e-eleito-presidente-da-camara-dos-deputados-em-1o-turno-com-302-votos\/","title":{"rendered":"Arthur Lira \u00e9 eleito presidente da C\u00e2mara dos Deputados em 1\u00ba turno, com 302 votos"},"content":{"rendered":"\n<p>O deputado <a href=\"https:\/\/www.camara.leg.br\/deputados\/160541\">Arthur Lira (PP-AL)<\/a> \u00e9 o novo presidente da C\u00e2mara dos Deputados para o bi\u00eanio 2021-2022. O deputado alagoano foi eleito na noite desta segunda-feira (1\u00ba) em primeiro turno, com 302 votos.<\/p>\n\n\n\n<p>Arthur Lira foi apoiado por um bloco formado por 11 partidos (PSL, PP, PSD, PL, Republicanos, Podemos, PTB, Patriota, PSC, Pros e Avante) e tomou posse do cargo logo em seguida \u00e0 divulga\u00e7\u00e3o do resultado.<\/p>\n\n\n\n<p>Como ele obteve a maioria absoluta (metade mais um) de votos dos presentes, n\u00e3o houve um segundo turno.<\/p>\n\n\n\n<p><strong>Neutralidade<\/strong><br>\n        Ao fazer seu discurso de posse, Lira o fez de p\u00e9. \u201cFa\u00e7o quest\u00e3o de iniciar esta jornada como os senhores est\u00e3o vendo, de p\u00e9, em homenagem a todos os presentes, a todos os partidos, aos que votaram e n\u00e3o votaram em mim\u201d, declarou. Ele prometeu respeitar \u201cas for\u00e7as vivas desta Casa Legislativa e a proporcionalidade\u201d.<\/p>\n\n\n\n<p>Lira disse que a pol\u00edtica tem uma d\u00edvida com o povo brasileiro, conclamando os partidos a buscar pontos m\u00ednimos e comuns para ajudar os brasileiros a enfrentar a pandemia. Ele tamb\u00e9m defendeu a vacina\u00e7\u00e3o.<\/p>\n\n\n\n<p>O novo presidente da C\u00e2mara dos Deputados prometeu ainda ouvir todos os lados e destacou o simbolismo da arquitetura da mesa dos trabalhos, que se encontra no meio das duas tribunas de oradores, destacando a natureza coletiva do trabalho.<\/p>\n\n\n\n<p>Sobre as reformas econ\u00f4micas, Lira afirmou que \u00e9 preciso ouvir os empres\u00e1rios sobre o que \u00e9 poss\u00edvel pactuar politicamente e de forma transparente. \u201cQual reforma fazer e qual sua profundidade n\u00e3o \u00e9 uma resposta que cabe ao presidente da C\u00e2mara dar, mas sim uma pergunta a fazer aos empres\u00e1rios, aos sindicatos e aos governantes\u201d, disse.<\/p>\n\n\n\n<p><strong>Demais candidatos<br>\n        <\/strong>Em segundo lugar na elei\u00e7\u00e3o, ficou o deputado <a href=\"https:\/\/www.camara.leg.br\/deputados\/178975\">Baleia Rossi (MDB-SP)<\/a>, com 145 votos. Em seguida, aparecem <a href=\"https:\/\/www.camara.leg.br\/deputados\/141427\">F\u00e1bio Ramalho (MDB-MG)<\/a>, com 21 votos; <a href=\"https:\/\/www.camara.leg.br\/deputados\/74784\">Luiza Erundina (Psol-SP)<\/a>, com 16 votos; <a href=\"https:\/\/www.camara.leg.br\/deputados\/156190\">Marcel van Hattem (Novo-RS)<\/a>, com 13 votos; <a href=\"https:\/\/www.camara.leg.br\/deputados\/204515\">Andr\u00e9 Janones (Avante-MG)<\/a>, com 3 votos; <a href=\"https:\/\/www.camara.leg.br\/deputados\/204536\">Kim Kataguiri (DEM-SP)<\/a>, com 2 votos; e <a href=\"https:\/\/www.camara.leg.br\/deputados\/204484\">General Peternelli (PSL-SP)<\/a>, com 1 voto. Tamb\u00e9m foram registrados 2 votos em branco.<\/p>\n\n\n\n<p><strong>Cargos na Mesa<\/strong><br>\n        Em seu primeiro ato como presidente da C\u00e2mara dos Deputados, Arthur Lira revogou o bloco partid\u00e1rio de Baleia Rossi, marcando para esta ter\u00e7a-feira (2), \u00e0s 16 horas, uma nova elei\u00e7\u00e3o para os dois vice-presidentes; os quatro secret\u00e1rios; e os quatro suplentes de secret\u00e1rios.<\/p>\n\n\n\n<p>Lira considerou fora do prazo o pedido do PT, do PDT e do PSB para ades\u00e3o e formaliza\u00e7\u00e3o do bloco de Rossi (PT, MDB, PSB, PSDB, PDT, Solidariedade, PCdoB, Cidadania, PV e Rede). Esses partidos haviam argumentado que tiveram problemas t\u00e9cnicos para enviar o pedido pouco antes do prazo final, ao meio-dia desta segunda-feira.<\/p>\n\n\n\n<p>A forma\u00e7\u00e3o dos blocos parlamentares influencia a distribui\u00e7\u00e3o dos cargos da Mesa. Quanto maior o bloco, a mais cargos tem direito na Mesa. Como o bloco de Rossi passou ser considerado n\u00e3o existente, Lira determinou \u00e0 Secretaria-Geral da Mesa o rec\u00e1lculo da distribui\u00e7\u00e3o dos cargos, desconsiderando as candidaturas para os demais cargos que foram indicadas por esse bloco.<\/p>\n\n\n\n<p><strong>Perfil<\/strong><br>\n        Arthur Lira tem 51 anos e est\u00e1 no terceiro mandato de deputado federal. Empres\u00e1rio, agropecuarista e bacharel em Direito, Lira iniciou a vida p\u00fablica em 1993, quando se elegeu vereador em Macei\u00f3. Antes de chegar \u00e0 C\u00e2mara, tamb\u00e9m foi deputado estadual em Alagoas. \u00c9 filho do atual prefeito de Barra de S\u00e3o Miguel (AL), o ex-senador Benedito de Lira.<\/p>\n\n\n\n<p>Fonte: Ag\u00eancia C\u00e2mara de Not\u00edcias<\/p>\n","protected":false},"excerpt":{"rendered":"<p>O deputado Arthur Lira (PP-AL) \u00e9 o novo presidente da C\u00e2mara dos Deputados para o bi\u00eanio 2021-2022. O deputado alagoano foi eleito na noite desta segunda-feira (1\u00ba) em primeiro turno, com 302 votos. Arthur Lira foi apoiado por um bloco formado por 11 partidos (PSL, PP, PSD, PL, Republicanos, Podemos, PTB, Patriota, PSC, Pros e [&hellip;]<\/p>\n","protected":false},"author":2,"featured_media":7456,"comment_status":"open","ping_status":"open","sticky":false,"template":"","format":"standard","meta":[],"categories":[8,4],"tags":[13],"_links":{"self":[{"href":"https:\/\/dgospel.com.br\/portal\/index.php\/wp-json\/wp\/v2\/posts\/7455"}],"collection":[{"href":"https:\/\/dgospel.com.br\/portal\/index.php\/wp-json\/wp\/v2\/posts"}],"about":[{"href":"https:\/\/dgospel.com.br\/portal\/index.php\/wp-json\/wp\/v2\/types\/post"}],"author":[{"embeddable":true,"href":"https:\/\/dgospel.com.br\/portal\/index.php\/wp-json\/wp\/v2\/users\/2"}],"replies":[{"embeddable":true,"href":"https:\/\/dgospel.com.br\/portal\/index.php\/wp-json\/wp\/v2\/comments?post=7455"}],"version-history":[{"count":1,"href":"https:\/\/dgospel.com.br\/portal\/index.php\/wp-json\/wp\/v2\/posts\/7455\/revisions"}],"predecessor-version":[{"id":7457,"href":"https:\/\/dgospel.com.br\/portal\/index.php\/wp-json\/wp\/v2\/posts\/7455\/revisions\/7457"}],"wp:featuredmedia":[{"embeddable":true,"href":"https:\/\/dgospel.com.br\/portal\/index.php\/wp-json\/wp\/v2\/media\/7456"}],"wp:attachment":[{"href":"https:\/\/dgospel.com.br\/portal\/index.php\/wp-json\/wp\/v2\/media?parent=7455"}],"wp:term":[{"taxonomy":"category","embeddable":true,"href":"https:\/\/dgospel.com.br\/portal\/index.php\/wp-json\/wp\/v2\/categories?post=7455"},{"taxonomy":"post_tag","embeddable":true,"href":"https:\/\/dgospel.com.br\/portal\/index.php\/wp-json\/wp\/v2\/tags?post=7455"}],"curies":[{"name":"wp","href":"https:\/\/api.w.org\/{rel}","templated":true}]}}