{"id":7470,"date":"2021-02-03T08:58:24","date_gmt":"2021-02-03T11:58:24","guid":{"rendered":"http:\/\/dgospel.com.br\/portal\/?p=7470"},"modified":"2021-02-03T08:58:26","modified_gmt":"2021-02-03T11:58:26","slug":"leo-barbosa-solicita-instalacao-de-regional-da-ageto-no-jalapao","status":"publish","type":"post","link":"https:\/\/dgospel.com.br\/portal\/index.php\/2021\/02\/03\/leo-barbosa-solicita-instalacao-de-regional-da-ageto-no-jalapao\/","title":{"rendered":"L\u00e9o Barbosa solicita instala\u00e7\u00e3o de regional da Ageto no Jalap\u00e3o"},"content":{"rendered":"\n<p>Com o objetivo de agilizar as manuten\u00e7\u00f5es das rodovias e estradas vicinais localizadas na regi\u00e3o do Parque Estadual do Jalap\u00e3o, o deputado estadual L\u00e9o Barbosa (Solidariedade) solicitou, durante a primeira sess\u00e3o ordin\u00e1ria de 2021 na Assembleia Legislativa do Tocantins, a instala\u00e7\u00e3o de uma regional da Ag\u00eancia Tocantinense de Transportes e Obras (Ageto) na localidade.<\/p>\n\n\n\n<p>De acordo com o parlamentar, a solicita\u00e7\u00e3o \u00e9 para que o governo tenha uma estrutura com maquin\u00e1rios que possam auxiliar os munic\u00edpios do Jalap\u00e3o com mais celeridade e que estes n\u00e3o tenham a necessidade de solicitar apoio de regionais mais distantes, como a de Palmas, por exemplo.<\/p>\n\n\n\n<p>\u201cTalvez as estradas mais dificultosas sejam bacanas para quem faz um rally dos sert\u00f5es, mas para quem vem a Palmas resolver um problema, quem vem a Porto Nacional, quem vem para o hospital fazer uma consulta m\u00e9dica ou para fazer compras, n\u00e3o tem nada de bom nisso e n\u00f3s precisamos fazer com que o Governo atue cada vez mais nas regi\u00f5es. Ser\u00e1 bom para os munic\u00edpios, para o fazendeiro, para o turismo\u201d, ressaltou Barbosa.<\/p>\n\n\n\n<p>Ainda durante a sess\u00e3o, L\u00e9o protocolou outros requerimentos, entre eles o pedido de sinaliza\u00e7\u00e3o e ro\u00e7agem das margens da rodovia TO-010, que liga Pedro Afonso ao munic\u00edpio de Santa Maria. &#8220;Sempre tenho transitado por esta regi\u00e3o e tem bastante buraco,&nbsp;a vegeta\u00e7\u00e3o invadindo a pista representa maior risco de acidentes e por isso chamo a aten\u00e7\u00e3o do Governo do Estado para que possa fazer as corre\u00e7\u00f5es&#8221;, disse L\u00e9o.<\/p>\n","protected":false},"excerpt":{"rendered":"<p>Com o objetivo de agilizar as manuten\u00e7\u00f5es das rodovias e estradas vicinais localizadas na regi\u00e3o do Parque Estadual do Jalap\u00e3o, o deputado estadual L\u00e9o Barbosa (Solidariedade) solicitou, durante a primeira sess\u00e3o ordin\u00e1ria de 2021 na Assembleia Legislativa do Tocantins, a instala\u00e7\u00e3o de uma regional da Ag\u00eancia Tocantinense de Transportes e Obras (Ageto) na localidade. De [&hellip;]<\/p>\n","protected":false},"author":2,"featured_media":7471,"comment_status":"open","ping_status":"open","sticky":false,"template":"","format":"standard","meta":[],"categories":[8],"tags":[],"_links":{"self":[{"href":"https:\/\/dgospel.com.br\/portal\/index.php\/wp-json\/wp\/v2\/posts\/7470"}],"collection":[{"href":"https:\/\/dgospel.com.br\/portal\/index.php\/wp-json\/wp\/v2\/posts"}],"about":[{"href":"https:\/\/dgospel.com.br\/portal\/index.php\/wp-json\/wp\/v2\/types\/post"}],"author":[{"embeddable":true,"href":"https:\/\/dgospel.com.br\/portal\/index.php\/wp-json\/wp\/v2\/users\/2"}],"replies":[{"embeddable":true,"href":"https:\/\/dgospel.com.br\/portal\/index.php\/wp-json\/wp\/v2\/comments?post=7470"}],"version-history":[{"count":1,"href":"https:\/\/dgospel.com.br\/portal\/index.php\/wp-json\/wp\/v2\/posts\/7470\/revisions"}],"predecessor-version":[{"id":7472,"href":"https:\/\/dgospel.com.br\/portal\/index.php\/wp-json\/wp\/v2\/posts\/7470\/revisions\/7472"}],"wp:featuredmedia":[{"embeddable":true,"href":"https:\/\/dgospel.com.br\/portal\/index.php\/wp-json\/wp\/v2\/media\/7471"}],"wp:attachment":[{"href":"https:\/\/dgospel.com.br\/portal\/index.php\/wp-json\/wp\/v2\/media?parent=7470"}],"wp:term":[{"taxonomy":"category","embeddable":true,"href":"https:\/\/dgospel.com.br\/portal\/index.php\/wp-json\/wp\/v2\/categories?post=7470"},{"taxonomy":"post_tag","embeddable":true,"href":"https:\/\/dgospel.com.br\/portal\/index.php\/wp-json\/wp\/v2\/tags?post=7470"}],"curies":[{"name":"wp","href":"https:\/\/api.w.org\/{rel}","templated":true}]}}