{"id":7473,"date":"2021-02-03T09:08:58","date_gmt":"2021-02-03T12:08:58","guid":{"rendered":"http:\/\/dgospel.com.br\/portal\/?p=7473"},"modified":"2021-02-03T09:09:00","modified_gmt":"2021-02-03T12:09:00","slug":"governador-mauro-carlesse-recebe-prefeitos-e-anuncia-investimentos-em-infraestrutura","status":"publish","type":"post","link":"https:\/\/dgospel.com.br\/portal\/index.php\/2021\/02\/03\/governador-mauro-carlesse-recebe-prefeitos-e-anuncia-investimentos-em-infraestrutura\/","title":{"rendered":"Governador Mauro Carlesse recebe prefeitos e anuncia investimentos em infraestrutura"},"content":{"rendered":"\n<p>Em continuidade \u00e0 agenda municipalista, o governador do Estado do Tocantins, Mauro Carlesse, acompanhado do seu vice-governador, Wanderlei Barbosa, reuniu-se nesta ter\u00e7a-feira, 2, com oito prefeitos e alguns vereadores para tratar de&nbsp;melhorias em infraestrutura, sa\u00fade, educa\u00e7\u00e3o e seguran\u00e7a.&nbsp;A reuni\u00e3o foi intermediada pelo deputado estadual Am\u00e9lio Cayres.<\/p>\n\n\n\n<p>O governador Carlesse ressaltou a import\u00e2ncia desses encontros com os prefeitos para ouvir as demandas, firmar parcerias e melhorar a qualidade de vida das comunidades locais. \u201cEssas reuni\u00f5es t\u00eam que ser constantes, ouvindo as demandas junto com os secret\u00e1rios e atendendo o que pode ser feito de imediato, buscando recursos para viabilizar obras. As demandas s\u00e3o grandes, mas podem contar com a parceria do Governo do Tocantins. Acreditamos que este ano deve ser bem melhor com a retomada da economia\u201d, afirmou.<\/p>\n\n\n\n<p>Na ocasi\u00e3o, o Governador destacou que a Gest\u00e3o Estadual vai desenvolver um grande projeto de infraestrutura em todos os 139 munic\u00edpios. \u201cVamos investir em melhorias nas rodovias estaduais e estradas vicinais, construir estradas, cascalhar e fazer pontes. Vamos destinar mais de R$ 80 milh\u00f5es para pontes visando melhorar o escoamento da produ\u00e7\u00e3o e o tr\u00e1fego de ve\u00edculos. Nos pr\u00f3ximos dias, vamos chamar os munic\u00edpios, ver a demanda de cada e buscar atender a todos&#8221;, adiantou o Governador, que ainda falou sobre reformas de escolas e regulariza\u00e7\u00e3o fundi\u00e1ria.<\/p>\n\n\n\n<p>O vice-governador Wanderlei Barbosa destacou que \u00e9 de suma import\u00e2ncia esse canal de comunica\u00e7\u00e3o entre o Estado e as prefeituras. \u201cAssim, conseguiremos planejar as a\u00e7\u00f5es e atender a popula\u00e7\u00e3o em suas reais necessidades\u201d, destacou.<\/p>\n\n\n\n<p><strong>Demandas<\/strong><\/p>\n\n\n\n<p>A principal demanda apresentada pelo prefeito de Praia Norte, Ho-Chi-Min, \u00e9 na \u00e1rea de sa\u00fade. \u201cDevemos buscar com que cada munic\u00edpio cumpra a sua parte, que a gente fa\u00e7a parcerias com o Estado e que venha a beneficiar e trazer melhorias para as nossas comunidades. Ent\u00e3o, o Governador se prontificou a fazer um levantamento junto \u00e0 Secretaria de Estado da Sa\u00fade para que a gente possa fazer um enfrentamento e melhorar a sa\u00fade na regi\u00e3o do Bico do Papagaio\u201d, destacou.<\/p>\n\n\n\n<p>Em S\u00e3o Miguel, o prefeito Alberto Moreira destacou a necessidade de reformas nas escolas e a melhoria na arrecada\u00e7\u00e3o. \u201cEssa abertura do di\u00e1logo para trazer as demandas ao Governador \u00e9 importante, fica mais f\u00e1cil de esses benef\u00edcios chegarem ao nosso munic\u00edpio\u201d, pontuou.<\/p>\n\n\n\n<p>O prefeito de Sampaio, Armindo Cayres, destacou a import\u00e2ncia dos gestores municipais serem ouvidos para que as reais necessidades locais sejam atendidas. \u201c\u00c9 fundamental e necess\u00e1ria essa parceria entre Uni\u00e3o, Estado e Munic\u00edpio, todos com um \u00fanico objetivo\u201d, destacou o prefeito.<\/p>\n\n\n\n<p>Participaram ainda da reuni\u00e3o, os prefeitos de Buriti do Tocantins, Lucilene Cayres; Augustin\u00f3polis, Ant\u00f4nio Caires de Almeida, o Ant\u00f4nio do Bar; Santa Maria,&nbsp;Itamar Barrachini; Lagoa do Tocantins, Leandro Soares; Riachinho, Ronaildo Bandeira; o presidente da C\u00e2mara de Esperantina, Reginaldo Pereira Silva, entre outros vereadores.&nbsp;<\/p>\n","protected":false},"excerpt":{"rendered":"<p>Em continuidade \u00e0 agenda municipalista, o governador do Estado do Tocantins, Mauro Carlesse, acompanhado do seu vice-governador, Wanderlei Barbosa, reuniu-se nesta ter\u00e7a-feira, 2, com oito prefeitos e alguns vereadores para tratar de&nbsp;melhorias em infraestrutura, sa\u00fade, educa\u00e7\u00e3o e seguran\u00e7a.&nbsp;A reuni\u00e3o foi intermediada pelo deputado estadual Am\u00e9lio Cayres. O governador Carlesse ressaltou a import\u00e2ncia desses encontros com [&hellip;]<\/p>\n","protected":false},"author":2,"featured_media":7474,"comment_status":"open","ping_status":"open","sticky":false,"template":"","format":"standard","meta":[],"categories":[3],"tags":[13],"_links":{"self":[{"href":"https:\/\/dgospel.com.br\/portal\/index.php\/wp-json\/wp\/v2\/posts\/7473"}],"collection":[{"href":"https:\/\/dgospel.com.br\/portal\/index.php\/wp-json\/wp\/v2\/posts"}],"about":[{"href":"https:\/\/dgospel.com.br\/portal\/index.php\/wp-json\/wp\/v2\/types\/post"}],"author":[{"embeddable":true,"href":"https:\/\/dgospel.com.br\/portal\/index.php\/wp-json\/wp\/v2\/users\/2"}],"replies":[{"embeddable":true,"href":"https:\/\/dgospel.com.br\/portal\/index.php\/wp-json\/wp\/v2\/comments?post=7473"}],"version-history":[{"count":1,"href":"https:\/\/dgospel.com.br\/portal\/index.php\/wp-json\/wp\/v2\/posts\/7473\/revisions"}],"predecessor-version":[{"id":7475,"href":"https:\/\/dgospel.com.br\/portal\/index.php\/wp-json\/wp\/v2\/posts\/7473\/revisions\/7475"}],"wp:featuredmedia":[{"embeddable":true,"href":"https:\/\/dgospel.com.br\/portal\/index.php\/wp-json\/wp\/v2\/media\/7474"}],"wp:attachment":[{"href":"https:\/\/dgospel.com.br\/portal\/index.php\/wp-json\/wp\/v2\/media?parent=7473"}],"wp:term":[{"taxonomy":"category","embeddable":true,"href":"https:\/\/dgospel.com.br\/portal\/index.php\/wp-json\/wp\/v2\/categories?post=7473"},{"taxonomy":"post_tag","embeddable":true,"href":"https:\/\/dgospel.com.br\/portal\/index.php\/wp-json\/wp\/v2\/tags?post=7473"}],"curies":[{"name":"wp","href":"https:\/\/api.w.org\/{rel}","templated":true}]}}