{"id":7476,"date":"2021-02-03T09:10:53","date_gmt":"2021-02-03T12:10:53","guid":{"rendered":"http:\/\/dgospel.com.br\/portal\/?p=7476"},"modified":"2021-02-03T09:10:57","modified_gmt":"2021-02-03T12:10:57","slug":"governo-do-tocantins-orienta-prefeitos-sobre-gestao-da-politica-de-assistencia-social","status":"publish","type":"post","link":"https:\/\/dgospel.com.br\/portal\/index.php\/2021\/02\/03\/governo-do-tocantins-orienta-prefeitos-sobre-gestao-da-politica-de-assistencia-social\/","title":{"rendered":"Governo do Tocantins orienta prefeitos sobre gest\u00e3o da Pol\u00edtica de Assist\u00eancia Social"},"content":{"rendered":"\n<p>O Governo do Tocantins, por meio da Secretaria do Trabalho e Desenvolvimento Social (Setas), realizou nesta ter\u00e7a-feira, 2, uma reuni\u00e3o com orienta\u00e7\u00f5es sobre gest\u00e3o da Pol\u00edtica de Assist\u00eancia Social. A reuni\u00e3o, que aconteceu virtualmente, contou com a participa\u00e7\u00e3o de 19 prefeitos, al\u00e9m de gestores municipais e equipes t\u00e9cnicas da assist\u00eancia social de 59 munic\u00edpios tocantinenses. Os demais munic\u00edpios do Estado participar\u00e3o do encontro na pr\u00f3xima quinta-feira, 4.<\/p>\n\n\n\n<p>Na ocasi\u00e3o o secret\u00e1rio da Setas, Jos\u00e9 Messias Ara\u00fajo, deu boas-vindas aos novos prefeitos e suas equipes das localidades onde houve troca de gest\u00e3o e convidou a todos para unirem for\u00e7as em prol das causas sociais. \u201cN\u00f3s temos uma forte determina\u00e7\u00e3o do Governador Mauro Carlesse para buscarmos atender as necessidades da popula\u00e7\u00e3o mais vulner\u00e1vel do Estado em cada localidade. Essa reuni\u00e3o tem o objetivo de despertar em cada equipe, a import\u00e2ncia da pol\u00edtica de assist\u00eancia social, que quando bem realizada tr\u00e1s efeitos positivos para todas as outras \u00e1reas de um governo\u201d, declarou.<\/p>\n\n\n\n<p>O titula da Setas enfatizou, ainda, a import\u00e2ncia de escolher a equipe de trabalho de acordo com os par\u00e2metros estabelecidos pelo Sistema \u00danico de Assist\u00eancia Social (Suas). Essa medida garante uma boa gest\u00e3o dos recursos e um atendimento de qualidade para a popula\u00e7\u00e3o. Messias refor\u00e7ou a disponibilidade da Setas em prestar todas as orienta\u00e7\u00f5es t\u00e9cnicas necess\u00e1rias: \u201cA secretaria est\u00e1 de portas abertas para cada um de voc\u00eas e nossas equipes \u00e0 disposi\u00e7\u00e3o\u201d, refor\u00e7ou.<\/p>\n\n\n\n<p>De acordo com a diretora do Sistema \u00danico de Assist\u00eancia Social (SUAS) da Setas, Halana Magalh\u00e3es, participaram da reuni\u00e3o 59 munic\u00edpios das regi\u00f5es Norte I, Centro Oeste e Sudoeste e na quinta-feira,4, participar\u00e3o os gestores das demais localidades do Estado.<\/p>\n\n\n\n<p>Na reuni\u00e3o, foram apresentadas todas as gerencias da Setas e suas \u00e1reas de atua\u00e7\u00e3o, al\u00e9m da destina\u00e7\u00e3o de um espa\u00e7o ao Conselho Estadual de Assist\u00eancia Social (Ceas) e o Colegiado Estadual de Gestores Municipais da Assist\u00eancia Social (Coegemas).<\/p>\n\n\n\n<p>Na ger\u00eancia de Gest\u00e3o do Suas foi abordada a Pol\u00edtica Nacional de Assist\u00eancia Social, instrumentos de planejamento, sistemas da rede Suas e normas para recursos humanos. Nas ger\u00eancias de Prote\u00e7\u00e3o Social B\u00e1sica, Bolsa Fam\u00edlia e Benef\u00edcios e Prote\u00e7\u00e3o Social Especial foram abordados os equipamentos, sistemas e recursos humanos necess\u00e1rios para execu\u00e7\u00e3o dos servi\u00e7os.<\/p>\n\n\n\n<p>A diretora Halana Magalh\u00e3es avaliou que o encontro foi positivo e agradeceu a todos os participantes pelo interesse em buscar conhecimento para uma boa gest\u00e3o e execu\u00e7\u00e3o dos trabalhos. \u201cEsse foi nosso primeiro contato com as novas equipes gestoras de alguns munic\u00edpios e procuramos apresentar as informa\u00e7\u00f5es de forma clara e acess\u00edvel, al\u00e9m de nos colocar a inteira disposi\u00e7\u00e3o para trabalharmos juntos. As pessoas foram muito participativas, colocando suas d\u00favidas e anseios\u201d, concluiu.<\/p>\n\n\n\n<p><strong>Pol\u00edtica de Assist\u00eancia Social<\/strong><\/p>\n\n\n\n<p>A&nbsp;Pol\u00edtica Nacional de Assist\u00eancia Social&nbsp;\u2013 PNAS foi aprovada em 22 de setembro de 2004, pelo Conselho&nbsp;Nacional de Assist\u00eancia Social&nbsp;e busca incorporar as demandas presentes na sociedade brasileira no que tange \u00e0 responsabilidade&nbsp;pol\u00edtica&nbsp;da efetiva\u00e7\u00e3o da&nbsp;assist\u00eancia social&nbsp;como direito de cidadania e dever do Estado.<\/p>\n","protected":false},"excerpt":{"rendered":"<p>O Governo do Tocantins, por meio da Secretaria do Trabalho e Desenvolvimento Social (Setas), realizou nesta ter\u00e7a-feira, 2, uma reuni\u00e3o com orienta\u00e7\u00f5es sobre gest\u00e3o da Pol\u00edtica de Assist\u00eancia Social. A reuni\u00e3o, que aconteceu virtualmente, contou com a participa\u00e7\u00e3o de 19 prefeitos, al\u00e9m de gestores municipais e equipes t\u00e9cnicas da assist\u00eancia social de 59 munic\u00edpios tocantinenses. [&hellip;]<\/p>\n","protected":false},"author":2,"featured_media":7477,"comment_status":"open","ping_status":"open","sticky":false,"template":"","format":"standard","meta":[],"categories":[3],"tags":[],"_links":{"self":[{"href":"https:\/\/dgospel.com.br\/portal\/index.php\/wp-json\/wp\/v2\/posts\/7476"}],"collection":[{"href":"https:\/\/dgospel.com.br\/portal\/index.php\/wp-json\/wp\/v2\/posts"}],"about":[{"href":"https:\/\/dgospel.com.br\/portal\/index.php\/wp-json\/wp\/v2\/types\/post"}],"author":[{"embeddable":true,"href":"https:\/\/dgospel.com.br\/portal\/index.php\/wp-json\/wp\/v2\/users\/2"}],"replies":[{"embeddable":true,"href":"https:\/\/dgospel.com.br\/portal\/index.php\/wp-json\/wp\/v2\/comments?post=7476"}],"version-history":[{"count":1,"href":"https:\/\/dgospel.com.br\/portal\/index.php\/wp-json\/wp\/v2\/posts\/7476\/revisions"}],"predecessor-version":[{"id":7478,"href":"https:\/\/dgospel.com.br\/portal\/index.php\/wp-json\/wp\/v2\/posts\/7476\/revisions\/7478"}],"wp:featuredmedia":[{"embeddable":true,"href":"https:\/\/dgospel.com.br\/portal\/index.php\/wp-json\/wp\/v2\/media\/7477"}],"wp:attachment":[{"href":"https:\/\/dgospel.com.br\/portal\/index.php\/wp-json\/wp\/v2\/media?parent=7476"}],"wp:term":[{"taxonomy":"category","embeddable":true,"href":"https:\/\/dgospel.com.br\/portal\/index.php\/wp-json\/wp\/v2\/categories?post=7476"},{"taxonomy":"post_tag","embeddable":true,"href":"https:\/\/dgospel.com.br\/portal\/index.php\/wp-json\/wp\/v2\/tags?post=7476"}],"curies":[{"name":"wp","href":"https:\/\/api.w.org\/{rel}","templated":true}]}}