{"id":7479,"date":"2021-02-03T09:13:41","date_gmt":"2021-02-03T12:13:41","guid":{"rendered":"http:\/\/dgospel.com.br\/portal\/?p=7479"},"modified":"2021-02-03T09:13:43","modified_gmt":"2021-02-03T12:13:43","slug":"mauro-carlesse-realiza-ajustes-na-equipe-e-empossa-novos-auxiliares-do-governo","status":"publish","type":"post","link":"https:\/\/dgospel.com.br\/portal\/index.php\/2021\/02\/03\/mauro-carlesse-realiza-ajustes-na-equipe-e-empossa-novos-auxiliares-do-governo\/","title":{"rendered":"Mauro Carlesse realiza ajustes na equipe e empossa novos auxiliares do Governo"},"content":{"rendered":"\n<p>Como parte das mudan\u00e7as para melhorar ainda mais o desempenho do Governo, o governador do Estado do Tocantins, Mauro Carlesse, realizou quatro mudan\u00e7as pontuais na equipe de trabalho. A posse dos novos auxiliares foi realizada na tarde desta ter\u00e7a-feira, 2, em solenidade realizada na sala de reuni\u00f5es do Pal\u00e1cio Araguaia. Na ocasi\u00e3o, o governador assinou a Medida Provis\u00f3ria n\u00ba 01\/2021, que cria a Secretaria de Estado do Planejamento e Or\u00e7amento, a partir da cis\u00e3o da Secretaria de Estado da Fazenda e Planejamento (Sefaz).<\/p>\n\n\n\n<p>O servidor p\u00fablico Sergislei Silva de Moura foi escolhido para comandar a pasta rec\u00e9m-criada pelo governador Carlesse. At\u00e9 ent\u00e3o, o servidor, que tem 20 anos de carreira, atuou como secret\u00e1rio executivo de Planejamento e Or\u00e7amento da Sefaz, onde participou diretamente do reequil\u00edbrio fiscal do Estado do Tocantins em seus limites legais, gest\u00e3o do controle do gasto p\u00fablico e capta\u00e7\u00e3o de opera\u00e7\u00f5es de cr\u00e9dito.<\/p>\n\n\n\n<p>O secret\u00e1rio-chefe da Casa Civil, Rolf Vidal,&nbsp;explicou que a cria\u00e7\u00e3o da Secretaria de Estado do Planejamento e Or\u00e7amento ocorreu em virtude da necessidade de ampliar o horizonte, uma vez que o Estado est\u00e1 enquadrado na Lei de Responsabilidade Fiscal (LRF) e com sa\u00fade fiscal. \u201cO Estado precisa planejar os pr\u00f3ximos anos com aud\u00e1cia e com altivez, caracter\u00edsticas do nosso governador Mauro Carlesse\u201d, pontuou.<\/p>\n\n\n\n<p>O governador Carlesse tamb\u00e9m empossou o ex-prefeito de Pedro Afonso, Jairo Soares Mariano, como presidente da Ag\u00eancia do Desenvolvimento do Turismo, Cultura e Economia Criativa (Adetuc). Com essa mudan\u00e7a, Tom Lyra&nbsp;deixa de acumular a presid\u00eancia da Adetuc e passa a se dedicar exclusivamente \u00e0 Secretaria de Estado da Ind\u00fastria, Com\u00e9rcio e Servi\u00e7os (Sics).<\/p>\n\n\n\n<p>O ex-prefeito de Porto Nacional, Otoniel Andrade, assumiu a Secretaria Extraordin\u00e1ria de Pol\u00edticas de Governo Descentralizadas. Outra mudan\u00e7a efetivada nesta ter\u00e7a-feira, 2, foi o deslocamento do coronel Silva Neto para o Comando Geral da Pol\u00edcia Militar, no lugar de Jaizon Veras, que foi para a reserva.<\/p>\n\n\n\n<p>O governador Mauro Carlesse declarou que sua gest\u00e3o tem trabalhado para que os seus auxiliares tenham liberdade e, sobretudo, confian\u00e7a no Governo que representam. \u201cOs gestores t\u00eam liberdade, mas tamb\u00e9m direcionamento, porque temos compromisso com o povo tocantinense\u201d, enfatizou.<\/p>\n\n\n\n<p>Durante a solenidade, o Governador aproveitou a oportunidade para pedir, aos gestores municipais, mais agilidade na vacina\u00e7\u00e3o em seus respectivos munic\u00edpios, para que o Tocantins receba as pr\u00f3ximas remessas para imuniza\u00e7\u00e3o dos tocantinenses. \u201cEstamos sendo consultados para o envio da segunda remessa, mas como vamos realizar a segunda etapa se nem a primeira a gente conseguiu concluir ainda\u201d, questionou, pedindo o empenho dos prefeitos nessa miss\u00e3o.<\/p>\n\n\n\n<p>O governador Carlesse encerrou agradecendo pela colabora\u00e7\u00e3o dos auxiliares que deixaram o governo&nbsp;e desejou sucesso aos que passaram a ocupar a equipe, ressaltando que essas mudan\u00e7as visam melhorar ainda mais as a\u00e7\u00f5es em benef\u00edcio da popula\u00e7\u00e3o.<\/p>\n\n\n\n<p>A solenidade de posse dos novos gestores foi prestigiada pelo vice-governador Wanderlei Barbosa.<\/p>\n\n\n\n<p><strong>Empossados<\/strong><\/p>\n\n\n\n<p>Otoniel Andrade agradeceu pela confian\u00e7a do governador Mauro Carlesse e destacou a honra de compor a equipe. \u201c\u00c9 um governo que tem demonstrado respeito e trabalho por todo o Estado. Esse governo iniciou obras em todo o Tocantins e retomou outras que estavam paralisadas, portanto, tenho orgulho de compor essa equipe\u201d, declarou.<\/p>\n\n\n\n<p>Jairo Mariano tamb\u00e9m agradeceu pela oportunidade de compor a equipe e destacou que \u00e9 uma grande responsabilidade e satisfa\u00e7\u00e3o gerir as pol\u00edticas p\u00fablicas voltadas para as \u00e1reas da cultura e do turismo. \u201cO nosso trabalho ser\u00e1 de muito empenho e resultados para valorizar ainda mais a vossa gest\u00e3o e o nosso Estado\u201d, garantiu.<\/p>\n\n\n\n<p>J\u00e1 Sergislei Silva destacou o trabalho que vem sendo realizado desde a posse do Governador Carlesse, no sentido de atingir o equil\u00edbrio fiscal. \u201cAgora \u00e9 o momento de planejar o Estado em longo prazo\u201d, refor\u00e7ou.<\/p>\n\n\n\n<p>Na condi\u00e7\u00e3o de comandante-geral da Pol\u00edcia Militar, Silva Neto revelou que a nova fun\u00e7\u00e3o \u00e9 a realiza\u00e7\u00e3o de um sonho e uma promessa feita ao seu pai. \u201cEu estou cumprindo uma promessa que fiz ao meu pai, de que chegaria a comandante-geral da PM e devo isso ao senhor. Agora, \u00e9 trabalhar pelo povo do Tocantins e traduzir esse trabalho em sensa\u00e7\u00e3o de seguran\u00e7a para o povo\u201d, frisou.<\/p>\n\n\n\n<p><strong>Perfil<\/strong><\/p>\n\n\n\n<p><strong>Jairo Mariano<\/strong><\/p>\n\n\n\n<p>O novo presidente da Adetuc \u00e9 formado em Ci\u00eancias Cont\u00e1beis, com especializa\u00e7\u00e3o na \u00e1rea da Administra\u00e7\u00e3o. Possui larga experi\u00eancia de gest\u00e3o, tanto na esfera p\u00fablica quanto privada. Foi prefeito de Pedro Afonso por dois mandatos consecutivos; ocupou a presid\u00eancia da Associa\u00e7\u00e3o Tocantinense de Munic\u00edpios (ATM) por duas vezes e foi vice-presidente da Confedera\u00e7\u00e3o Nacional de Munic\u00edpios (CNM), sendo o primeiro gestor p\u00fablico tocantinense a ocupar o cargo. Tamb\u00e9m foi presidente do Cons\u00f3rcio Delta do Tocantins e do Territ\u00f3rio Nordeste do Tocantins, al\u00e9m de ter ocupado a chefia de gabinete da Presid\u00eancia e a Ger\u00eancia de Defesa do Setor Industrial da Federa\u00e7\u00e3o das Ind\u00fastrias do Estado do Tocantins (Fieto). Atuou em diversos conselhos, como o Conselho Estadual de Meio Ambiente, o Conselho de Distribui\u00e7\u00e3o do ICMS do Tocantins, o Conselho Estadual de Ci\u00eancia e Tecnologia, o Conselho de Energia El\u00e9trica do Tocantins, ambos no Sebrae e, ainda, o conselho na Superintend\u00eancia de Desenvolvimento da Amaz\u00f4nia (Sudam). Tamb\u00e9m integra o Comit\u00ea Gestor das Obriga\u00e7\u00f5es Acess\u00f3rias do ISSQN.<\/p>\n\n\n\n<p><strong>Sergislei Silva de Moura<\/strong><\/p>\n\n\n\n<p>\u00c9 servidor p\u00fablico efetivo h\u00e1 20 anos, tem forma\u00e7\u00e3o em Gest\u00e3o P\u00fablica e tecn\u00f3logo em Gest\u00e3o Cont\u00e1bil, capta\u00e7\u00e3o de recursos de conv\u00eanios federais e opera\u00e7\u00e3o de cr\u00e9dito interna e externa. Trabalhou na ent\u00e3o&nbsp;Funda\u00e7\u00e3o Universidade do Tocantins&nbsp;(Unitins) entre 1993 e&nbsp;2002 nas \u00e1reas de contabilidade, gest\u00e3o e presta\u00e7\u00e3o de contas de conv\u00eanios federais; e na Secretaria da Sa\u00fade no per\u00edodo de 2002 a 2009, como coordenador e diretor da \u00e1rea de capta\u00e7\u00e3o de recursos de conv\u00eanios e repasse fundo a fundo do SUS. Trabalhou na Secretaria de Estado do Planejamento e Or\u00e7amento entre 2009 e&nbsp;2018, como diretor e superintendente nas \u00e1reas de capta\u00e7\u00e3o de recursos de conv\u00eanios e opera\u00e7\u00e3o de cr\u00e9dito Interna e externa, atuando tamb\u00e9m na \u00e1rea de emendas parlamentares federais e estaduais.<\/p>\n\n\n\n<p><strong>Otoniel Andrade<\/strong><\/p>\n\n\n\n<p>Otoniel Andrade Costa \u00e9 formado em Engenharia Civil pela Universidade Cat\u00f3lica de Goi\u00e1s (PUC-GO). Em 1990, foi eleito deputado estadual, sendo reeleito em 1994 como o deputado mais votado no Estado do Tocantins. Foi prefeito de Porto Nacional por tr\u00eas mandatos (1997-2000, 2001-2004 e 2013-2016). Entre 2008 e 2009, foi superintendente do Departamento Nacional de Produ\u00e7\u00e3o Mineral no Tocantins. Tamb\u00e9m foi superintendente da Valec (Tramo Norte) nos anos de 2009-2010.<\/p>\n\n\n\n<p><strong>Silva Neto<\/strong><\/p>\n\n\n\n<p>J\u00falio Manoel da Silva Neto \u00e9 coronel da Pol\u00edcia Militar do Tocantins, onde ingressou em 1998. Possui&nbsp;especializa\u00e7\u00e3o em Gerenciamento de Seguran\u00e7a P\u00fablica pela Academia Militar do Estado de Goi\u00e1s;&nbsp;p\u00f3s-gradua\u00e7\u00e3o em Altos Estudos de Seguran\u00e7a P\u00fablica pela Secretaria de Seguran\u00e7a P\u00fablica de Goi\u00e1s&nbsp;e de Pol\u00edcia Judici\u00e1ria Militar pela Unitins. Foi secret\u00e1rio-chefe da Casa Militar do Tocantins; comandou a 1\u00aa e 2\u00aa Companhias do 1\u00ba BPM, em Palmas; 3\u00aa Companhia do 8\u00ba BPM, em Para\u00edso; 4\u00aa CIPM, em Araguatins; 5\u00aa CIPM, em Tocantin\u00f3polis; 2\u00ba BPM, em Aragua\u00edna. Foi subcomandante do 5\u00ba BPM, em Porto Nacional; da Academia de Pol\u00edcia Militar Tiradentes, em Palmas; e do 1\u00ba BPM, em Palmas.<\/p>\n\n\n\n<p>Foi oficial R\/2 de Infantaria do Ex\u00e9rcito Brasileiro, servindo no 59\u00ba Batalh\u00e3o de Infantaria Motorizado em Macei\u00f3. Foi comandante do 1\u00ba Grupo do 4\u00ba Pelot\u00e3o da Companhia Fox Uno, no Rio de Janeiro (Opera\u00e7\u00e3o Rio I); do 2\u00ba Pelot\u00e3o da Companhia Fox III, no Esp\u00edrito Santo&nbsp;(Opera\u00e7\u00e3o Reconquista II) e Oficial Auxiliar do Fiscal Administrativo Base de Comando Fox IV, no Rio de Janeiro (Jogos Pan-Americanos e Parapan-Americanos). Tamb\u00e9m foi condecorado com a Medalha do M\u00e9rito Policial Militar pela Pol\u00edcia Militar de Alagoas, Medalha do Sesquicenten\u00e1rio pela Pol\u00edcia Militar de Goi\u00e1s, Medalha de 10 anos pelos relevantes servi\u00e7os prestados a Pol\u00edcia Militar do Tocantins, Medalha Amigos da Marinha e Diploma de Amigos do Esp\u00edrito Santo.<\/p>\n\n\n\n<p><strong>Presen\u00e7as<\/strong><\/p>\n\n\n\n<p>A solenidade contou com a participa\u00e7\u00e3o dos secret\u00e1rios de Estado, prefeitos, vereadores, al\u00e9m dos deputados estaduais Olyntho Neto, Fabion Gomes e Claudia Lelis.<\/p>\n","protected":false},"excerpt":{"rendered":"<p>Como parte das mudan\u00e7as para melhorar ainda mais o desempenho do Governo, o governador do Estado do Tocantins, Mauro Carlesse, realizou quatro mudan\u00e7as pontuais na equipe de trabalho. A posse dos novos auxiliares foi realizada na tarde desta ter\u00e7a-feira, 2, em solenidade realizada na sala de reuni\u00f5es do Pal\u00e1cio Araguaia. Na ocasi\u00e3o, o governador assinou [&hellip;]<\/p>\n","protected":false},"author":2,"featured_media":7480,"comment_status":"open","ping_status":"open","sticky":false,"template":"","format":"standard","meta":[],"categories":[4],"tags":[13],"_links":{"self":[{"href":"https:\/\/dgospel.com.br\/portal\/index.php\/wp-json\/wp\/v2\/posts\/7479"}],"collection":[{"href":"https:\/\/dgospel.com.br\/portal\/index.php\/wp-json\/wp\/v2\/posts"}],"about":[{"href":"https:\/\/dgospel.com.br\/portal\/index.php\/wp-json\/wp\/v2\/types\/post"}],"author":[{"embeddable":true,"href":"https:\/\/dgospel.com.br\/portal\/index.php\/wp-json\/wp\/v2\/users\/2"}],"replies":[{"embeddable":true,"href":"https:\/\/dgospel.com.br\/portal\/index.php\/wp-json\/wp\/v2\/comments?post=7479"}],"version-history":[{"count":1,"href":"https:\/\/dgospel.com.br\/portal\/index.php\/wp-json\/wp\/v2\/posts\/7479\/revisions"}],"predecessor-version":[{"id":7481,"href":"https:\/\/dgospel.com.br\/portal\/index.php\/wp-json\/wp\/v2\/posts\/7479\/revisions\/7481"}],"wp:featuredmedia":[{"embeddable":true,"href":"https:\/\/dgospel.com.br\/portal\/index.php\/wp-json\/wp\/v2\/media\/7480"}],"wp:attachment":[{"href":"https:\/\/dgospel.com.br\/portal\/index.php\/wp-json\/wp\/v2\/media?parent=7479"}],"wp:term":[{"taxonomy":"category","embeddable":true,"href":"https:\/\/dgospel.com.br\/portal\/index.php\/wp-json\/wp\/v2\/categories?post=7479"},{"taxonomy":"post_tag","embeddable":true,"href":"https:\/\/dgospel.com.br\/portal\/index.php\/wp-json\/wp\/v2\/tags?post=7479"}],"curies":[{"name":"wp","href":"https:\/\/api.w.org\/{rel}","templated":true}]}}