{"id":7485,"date":"2021-02-03T11:21:46","date_gmt":"2021-02-03T14:21:46","guid":{"rendered":"http:\/\/dgospel.com.br\/portal\/?p=7485"},"modified":"2021-02-03T11:21:48","modified_gmt":"2021-02-03T14:21:48","slug":"profissionais-do-hospital-geral-de-palmas-sao-imunizados-contra-covid-19","status":"publish","type":"post","link":"https:\/\/dgospel.com.br\/portal\/index.php\/2021\/02\/03\/profissionais-do-hospital-geral-de-palmas-sao-imunizados-contra-covid-19\/","title":{"rendered":"Profissionais do Hospital Geral de Palmas s\u00e3o imunizados contra Covid &#8211; 19"},"content":{"rendered":"\n<p>Profissionais de diversos setores do Hospital Geral de Palmas (HGP), considerados mais expostos a transmiss\u00e3o do novo Coronav\u00edrus, est\u00e3o sendo vacinados nesta semana. A a\u00e7\u00e3o faz parte da campanha para vacinar os servidores e ocorre na unidade hospitalar das 15 \u00e0s 20 horas, com in\u00edcio na ter\u00e7a-feira, 02, se estendendo at\u00e9 sexta-feira, 05, no N\u00facleo de Aten\u00e7\u00e3o \u00e0 Sa\u00fade e Seguran\u00e7a do Trabalhador (NASST\/HGP). Cerca de 370 profissionais de sa\u00fade da unidade j\u00e1 foram imunizados. Os servidores &nbsp;do HGP tamb\u00e9m podem se vacinar no &nbsp;Centro de Sa\u00fade da Comunidade da Comunidade da 403 sul (pr\u00f3ximo ao Corpo de Bombeiros) em hor\u00e1rio comercial.<\/p>\n\n\n\n<p>Nesta etapa, est\u00e3o sendo imunizados m\u00e9dicos, assistentes sociais, enfermeiros, t\u00e9cnicos de enfermagem, fisioterapeutas e maqueiros. A enfermeira do setor de Sa\u00fade do Trabalho do HGP, Maria Vilma Sanches explicou que \u201cs\u00e3o etapas da campanha que, possivelmente semana que vem, continuaremos imunizar mais profissionais, seguindo o cronograma&#8221;, salientou.<br>Segundo o diretor geral do HGP, &nbsp;Leonardo Toledo, \u201ca unidade, que \u00e9 a maior refer\u00eancia em sa\u00fade p\u00fablica, conta com uma grande quantidade de servidores. Neste momento, \u00e9 de suma import\u00e2ncia a imuniza\u00e7\u00e3o dos profissionais e, com isso, &nbsp;proteger nossos colaboradores contra Covid-19\u201d, declarou.<\/p>\n\n\n\n<p><strong>Imunizados<\/strong><\/p>\n\n\n\n<p>A t\u00e9cnica de enfermagem Maria Laudelina dos Santos, atua h\u00e1 15 anos no Hospital Geral de Palmas. \u201cEstou muito emocionada e feliz. Eu quis muito que chegasse este momento. Minha filha est\u00e1 alegre por que eu vou receber a vacina. Durante a pandemia sempre estive dando assist\u00eancia aos pacientes na ala da neurologia\u201d, declarou a servidora. J\u00e1 para o m\u00e9dico Jaime Nogueira \u201c\u00e9 muito importante para n\u00f3s profissionais receber esta vacina\u201d, destacou.<\/p>\n","protected":false},"excerpt":{"rendered":"<p>Profissionais de diversos setores do Hospital Geral de Palmas (HGP), considerados mais expostos a transmiss\u00e3o do novo Coronav\u00edrus, est\u00e3o sendo vacinados nesta semana. A a\u00e7\u00e3o faz parte da campanha para vacinar os servidores e ocorre na unidade hospitalar das 15 \u00e0s 20 horas, com in\u00edcio na ter\u00e7a-feira, 02, se estendendo at\u00e9 sexta-feira, 05, no N\u00facleo [&hellip;]<\/p>\n","protected":false},"author":2,"featured_media":7486,"comment_status":"open","ping_status":"open","sticky":false,"template":"","format":"standard","meta":[],"categories":[3],"tags":[],"_links":{"self":[{"href":"https:\/\/dgospel.com.br\/portal\/index.php\/wp-json\/wp\/v2\/posts\/7485"}],"collection":[{"href":"https:\/\/dgospel.com.br\/portal\/index.php\/wp-json\/wp\/v2\/posts"}],"about":[{"href":"https:\/\/dgospel.com.br\/portal\/index.php\/wp-json\/wp\/v2\/types\/post"}],"author":[{"embeddable":true,"href":"https:\/\/dgospel.com.br\/portal\/index.php\/wp-json\/wp\/v2\/users\/2"}],"replies":[{"embeddable":true,"href":"https:\/\/dgospel.com.br\/portal\/index.php\/wp-json\/wp\/v2\/comments?post=7485"}],"version-history":[{"count":1,"href":"https:\/\/dgospel.com.br\/portal\/index.php\/wp-json\/wp\/v2\/posts\/7485\/revisions"}],"predecessor-version":[{"id":7487,"href":"https:\/\/dgospel.com.br\/portal\/index.php\/wp-json\/wp\/v2\/posts\/7485\/revisions\/7487"}],"wp:featuredmedia":[{"embeddable":true,"href":"https:\/\/dgospel.com.br\/portal\/index.php\/wp-json\/wp\/v2\/media\/7486"}],"wp:attachment":[{"href":"https:\/\/dgospel.com.br\/portal\/index.php\/wp-json\/wp\/v2\/media?parent=7485"}],"wp:term":[{"taxonomy":"category","embeddable":true,"href":"https:\/\/dgospel.com.br\/portal\/index.php\/wp-json\/wp\/v2\/categories?post=7485"},{"taxonomy":"post_tag","embeddable":true,"href":"https:\/\/dgospel.com.br\/portal\/index.php\/wp-json\/wp\/v2\/tags?post=7485"}],"curies":[{"name":"wp","href":"https:\/\/api.w.org\/{rel}","templated":true}]}}