{"id":7492,"date":"2021-02-05T17:25:50","date_gmt":"2021-02-05T20:25:50","guid":{"rendered":"http:\/\/dgospel.com.br\/portal\/?p=7492"},"modified":"2021-02-05T17:25:52","modified_gmt":"2021-02-05T20:25:52","slug":"auxilio-pode-voltar-para-metade-dos-beneficiarios-diz-guedes","status":"publish","type":"post","link":"https:\/\/dgospel.com.br\/portal\/index.php\/2021\/02\/05\/auxilio-pode-voltar-para-metade-dos-beneficiarios-diz-guedes\/","title":{"rendered":"Aux\u00edlio pode voltar para metade dos benefici\u00e1rios, diz Guedes"},"content":{"rendered":"\n<p> Em pronunciamento nesta quinta-feira (4), ao lado do novo presidente do Senado, Rodrigo Pacheco, o ministro Paulo Guedes disse que o aux\u00edlio emergencial pode retornar, mas apenas para metade dos benefici\u00e1rios. O chefe da pasta econ\u00f4mica condicionou a volta do pagamento a \u201ccl\u00e1usulas necess\u00e1rias\u201d. <\/p>\n\n\n\n<p> \u2013 Se n\u00f3s dispararmos as cl\u00e1usulas necess\u00e1rias, dentro de um ambiente fiscal robusto, j\u00e1 mais focalizado, em vez de 64 milh\u00f5es, [o valor do aux\u00edlio emergencial] pode ser a metade disso, porque a outra metade retorna para os programas sociais j\u00e1 existentes. [Em rela\u00e7\u00e3o a] Isso, n\u00f3s vamos nos entender rapidamente, porque a situa\u00e7\u00e3o do Brasil exige essa rapidez \u2013 afirmou o ministro. <\/p>\n\n\n\n<p>O retorno do aux\u00edlio \u00e9 defendido por Pacheco, que, em pronunciamento \u00e0 imprensa, disse ter sentido que o ministro da Economia deseja buscar uma solu\u00e7\u00e3o para o tema, sem descuidar da responsabilidade fiscal.<\/p>\n\n\n\n<p>\u2013 A pandemia continua, e agora eu vim ao ministro da Economia, Paulo Guedes, externar o que \u00e9 a preocupa\u00e7\u00e3o do Congresso Nacional [\u2026], que \u00e9 uma preocupa\u00e7\u00e3o em rela\u00e7\u00e3o \u00e0 assist\u00eancia social, a um socorro que seja urgente, emergencial, para poder ajudar a camada mais vulner\u00e1vel. [\u2026] [Precisamos] fazer isso com cautela, com prud\u00eancia, com observ\u00e2ncia de crit\u00e9rios para evitar que as coisas piorem. Mas, obviamente, n\u00f3s temos que ter a sensibilidade humana, e eu vim como senador e presidente do Congresso Nacional externar essa sensibilidade pol\u00edtica de que n\u00f3s temos que socorrer essas pessoas \u2013 disse o novo l\u00edder do Senado.<\/p>\n\n\n\n<p>O aux\u00edlio emergencial foi pago durante o ano de 2020 a trabalhadores informais afetados pela pandemia. Os valores foram divididos em parcelas de R$ 600 e, posteriormente, de R$ 300.<\/p>\n","protected":false},"excerpt":{"rendered":"<p>Em pronunciamento nesta quinta-feira (4), ao lado do novo presidente do Senado, Rodrigo Pacheco, o ministro Paulo Guedes disse que o aux\u00edlio emergencial pode retornar, mas apenas para metade dos benefici\u00e1rios. O chefe da pasta econ\u00f4mica condicionou a volta do pagamento a \u201ccl\u00e1usulas necess\u00e1rias\u201d. \u2013 Se n\u00f3s dispararmos as cl\u00e1usulas necess\u00e1rias, dentro de um ambiente [&hellip;]<\/p>\n","protected":false},"author":2,"featured_media":7493,"comment_status":"open","ping_status":"open","sticky":false,"template":"","format":"standard","meta":[],"categories":[4],"tags":[13,14],"_links":{"self":[{"href":"https:\/\/dgospel.com.br\/portal\/index.php\/wp-json\/wp\/v2\/posts\/7492"}],"collection":[{"href":"https:\/\/dgospel.com.br\/portal\/index.php\/wp-json\/wp\/v2\/posts"}],"about":[{"href":"https:\/\/dgospel.com.br\/portal\/index.php\/wp-json\/wp\/v2\/types\/post"}],"author":[{"embeddable":true,"href":"https:\/\/dgospel.com.br\/portal\/index.php\/wp-json\/wp\/v2\/users\/2"}],"replies":[{"embeddable":true,"href":"https:\/\/dgospel.com.br\/portal\/index.php\/wp-json\/wp\/v2\/comments?post=7492"}],"version-history":[{"count":1,"href":"https:\/\/dgospel.com.br\/portal\/index.php\/wp-json\/wp\/v2\/posts\/7492\/revisions"}],"predecessor-version":[{"id":7494,"href":"https:\/\/dgospel.com.br\/portal\/index.php\/wp-json\/wp\/v2\/posts\/7492\/revisions\/7494"}],"wp:featuredmedia":[{"embeddable":true,"href":"https:\/\/dgospel.com.br\/portal\/index.php\/wp-json\/wp\/v2\/media\/7493"}],"wp:attachment":[{"href":"https:\/\/dgospel.com.br\/portal\/index.php\/wp-json\/wp\/v2\/media?parent=7492"}],"wp:term":[{"taxonomy":"category","embeddable":true,"href":"https:\/\/dgospel.com.br\/portal\/index.php\/wp-json\/wp\/v2\/categories?post=7492"},{"taxonomy":"post_tag","embeddable":true,"href":"https:\/\/dgospel.com.br\/portal\/index.php\/wp-json\/wp\/v2\/tags?post=7492"}],"curies":[{"name":"wp","href":"https:\/\/api.w.org\/{rel}","templated":true}]}}