{"id":7495,"date":"2021-02-05T17:32:57","date_gmt":"2021-02-05T20:32:57","guid":{"rendered":"http:\/\/dgospel.com.br\/portal\/?p=7495"},"modified":"2021-02-05T17:32:59","modified_gmt":"2021-02-05T20:32:59","slug":"governo-do-to-decide-nao-decretar-ponto-facultativo-no-carnaval-para-evitar-aglomeracoes-e-proliferacao-da-covid-19","status":"publish","type":"post","link":"https:\/\/dgospel.com.br\/portal\/index.php\/2021\/02\/05\/governo-do-to-decide-nao-decretar-ponto-facultativo-no-carnaval-para-evitar-aglomeracoes-e-proliferacao-da-covid-19\/","title":{"rendered":"Governo do TO decide n\u00e3o decretar ponto facultativo no carnaval para evitar aglomera\u00e7\u00f5es e prolifera\u00e7\u00e3o da Covid-19"},"content":{"rendered":"\n<p>O Governo do Tocantins n\u00e3o ir\u00e1 decretar ponto facultativo no carnaval deste ano. O per\u00edodo compreende os dias 15, 16 e 17 de fevereiro, de segunda a quarta-feira. A medida foi tomada para evitar aglomera\u00e7\u00f5es e a consequente prolifera\u00e7\u00e3o da Covid-19. At\u00e9 essa quinta-feira, 4, o Estado j\u00e1 havia registrado mais de 100 mil casos de pessoas infectadas pelo v\u00edrus e 1.402 mortes.<\/p>\n\n\n\n<p>Segundo &nbsp;o secret\u00e1rio de Estado da Sa\u00fade, Edgar Tollini, a medida \u00e9 importante pela particularidade do feriado de carnaval. \u201cDiferente de outros feriados, quando o Governo decidiu por emendar a folga por mais dias estimulando a popula\u00e7\u00e3o a ficar em casa, o carnaval, pela sua caracter\u00edstica, estimula exatamente o contr\u00e1rio: festas e aglomera\u00e7\u00f5es. Essa \u00e9 uma realidade que temos que enfrentar com intuito de&nbsp;ajudar a conter o avan\u00e7o da pandemia no Tocantins\u201d, pondera o gestor.<\/p>\n\n\n\n<p>As comemora\u00e7\u00f5es de carnaval j\u00e1 estavam proibidas pelo Poder P\u00fablico. Desde mar\u00e7o do ano passado, o estado de calamidade p\u00fablica decretado pelo governador do Estado do Tocantins, Mauro Carlesse, vetava, entre outras coisas, aglomera\u00e7\u00f5es em espa\u00e7os p\u00fablicos e privados.<\/p>\n\n\n\n<p>Al\u00e9m do Tocantins, outros estados tamb\u00e9m j\u00e1 anunciaram a suspens\u00e3o do ponto facultativo no per\u00edodo de Carnaval, a exemplo do Acre, Amazonas, Amap\u00e1, Bahia, Cear\u00e1, Goi\u00e1s, Mato Grosso, Minas Gerais, Par\u00e1, Para\u00edba, Pernambuco, Piau\u00ed, Rio de Janeiro, Rio Grande do Norte, Rio Grande do Sul, Rond\u00f4nia, S\u00e3o Paulo, Santa Catarina e Sergipe.<\/p>\n","protected":false},"excerpt":{"rendered":"<p>O Governo do Tocantins n\u00e3o ir\u00e1 decretar ponto facultativo no carnaval deste ano. O per\u00edodo compreende os dias 15, 16 e 17 de fevereiro, de segunda a quarta-feira. A medida foi tomada para evitar aglomera\u00e7\u00f5es e a consequente prolifera\u00e7\u00e3o da Covid-19. At\u00e9 essa quinta-feira, 4, o Estado j\u00e1 havia registrado mais de 100 mil casos [&hellip;]<\/p>\n","protected":false},"author":2,"featured_media":7496,"comment_status":"open","ping_status":"open","sticky":false,"template":"","format":"standard","meta":[],"categories":[3],"tags":[13],"_links":{"self":[{"href":"https:\/\/dgospel.com.br\/portal\/index.php\/wp-json\/wp\/v2\/posts\/7495"}],"collection":[{"href":"https:\/\/dgospel.com.br\/portal\/index.php\/wp-json\/wp\/v2\/posts"}],"about":[{"href":"https:\/\/dgospel.com.br\/portal\/index.php\/wp-json\/wp\/v2\/types\/post"}],"author":[{"embeddable":true,"href":"https:\/\/dgospel.com.br\/portal\/index.php\/wp-json\/wp\/v2\/users\/2"}],"replies":[{"embeddable":true,"href":"https:\/\/dgospel.com.br\/portal\/index.php\/wp-json\/wp\/v2\/comments?post=7495"}],"version-history":[{"count":1,"href":"https:\/\/dgospel.com.br\/portal\/index.php\/wp-json\/wp\/v2\/posts\/7495\/revisions"}],"predecessor-version":[{"id":7497,"href":"https:\/\/dgospel.com.br\/portal\/index.php\/wp-json\/wp\/v2\/posts\/7495\/revisions\/7497"}],"wp:featuredmedia":[{"embeddable":true,"href":"https:\/\/dgospel.com.br\/portal\/index.php\/wp-json\/wp\/v2\/media\/7496"}],"wp:attachment":[{"href":"https:\/\/dgospel.com.br\/portal\/index.php\/wp-json\/wp\/v2\/media?parent=7495"}],"wp:term":[{"taxonomy":"category","embeddable":true,"href":"https:\/\/dgospel.com.br\/portal\/index.php\/wp-json\/wp\/v2\/categories?post=7495"},{"taxonomy":"post_tag","embeddable":true,"href":"https:\/\/dgospel.com.br\/portal\/index.php\/wp-json\/wp\/v2\/tags?post=7495"}],"curies":[{"name":"wp","href":"https:\/\/api.w.org\/{rel}","templated":true}]}}