{"id":7512,"date":"2021-02-05T18:10:40","date_gmt":"2021-02-05T21:10:40","guid":{"rendered":"http:\/\/dgospel.com.br\/portal\/?p=7512"},"modified":"2021-02-05T18:10:42","modified_gmt":"2021-02-05T21:10:42","slug":"lira-diz-que-congresso-esta-absolutamente-sintonizado-com-o-ministerio-da-economia","status":"publish","type":"post","link":"https:\/\/dgospel.com.br\/portal\/index.php\/2021\/02\/05\/lira-diz-que-congresso-esta-absolutamente-sintonizado-com-o-ministerio-da-economia\/","title":{"rendered":"Lira diz que Congresso est\u00e1 &#8220;absolutamente sintonizado&#8221; com o Minist\u00e9rio da Economia"},"content":{"rendered":"\n<p>O presidente da C\u00e2mara, <a href=\"https:\/\/www.camara.leg.br\/deputados\/160541\">Arthur Lira (PP-AL)<\/a>, reuniu-se nesta quinta-feira (4) com o ministro da Economia, Paulo Guedes, para discutir o cronograma de vota\u00e7\u00e3o das reformas na C\u00e2mara e no Senado. Antes, Lira havia tratado do tema com o presidente do Senado, Rodrigo Pacheco, que tamb\u00e9m vai se encontrar separadamente com Guedes.<\/p>\n\n\n\n<p>&#8220;Foi acertado para tratarmos e colocarmos claramente o cronograma para vota\u00e7\u00e3o e os procedimentos das reformas que ser\u00e3o pautadas no Senado e na C\u00e2mara e na comiss\u00e3o especial da reforma tribut\u00e1ria&#8221;, observou.<\/p>\n\n\n\n<figure class=\"wp-block-embed-youtube wp-block-embed is-type-video is-provider-youtube wp-embed-aspect-16-9 wp-has-aspect-ratio\"><div class=\"wp-block-embed__wrapper\">\n<iframe loading=\"lazy\" title=\"Lira e Guedes se re\u00fanem para tratar da pauta de reformas \u2013 04\/02\/21\" width=\"630\" height=\"354\" src=\"https:\/\/www.youtube.com\/embed\/i26Om6K_llQ?feature=oembed\" frameborder=\"0\" allow=\"accelerometer; autoplay; clipboard-write; encrypted-media; gyroscope; picture-in-picture\" allowfullscreen><\/iframe>\n<\/div><\/figure>\n\n\n\n<p>Arthur Lira afirmou que o Congresso est\u00e1 &#8220;absolutamente sintonizado&#8221; com o Minist\u00e9rio da Economia, com o governo federal e com a pauta das reformas. &#8220;O governo est\u00e1 com tudo programado. J\u00e1 tem a receita de como combater os efeitos da pandemia. Estaremos \u00e0 disposi\u00e7\u00e3o com muito di\u00e1logo, pela solidifica\u00e7\u00e3o da nossa economia com previsibilidade e com harmonia.&#8221;<\/p>\n\n\n\n<p>Paulo Guedes parabenizou Arthur Lira pela elei\u00e7\u00e3o para Presid\u00eancia da C\u00e2mara.<br>\n        &#8220;Foi uma vit\u00f3ria expressiva e importante, que nos deixa esperan\u00e7osos e confiantes na retomada da agenda de reformas. Vamos trabalhar juntos e estamos 100% \u00e0 disposi\u00e7\u00e3o do Congresso&#8221;, declarou. &#8220;Quem comanda o ritmo das reformas \u00e9 a pol\u00edtica.&#8221;<\/p>\n\n\n\n<p>O ministro afirmou que, em um ano dif\u00edcil, o Brasil demonstrou capacidade de se ajustar para atacar os efeitos econ\u00f4micos da crise. &#8220;Terminamos o ano criando 140 mil empregos e oferecemos assist\u00eancia social a 64 milh\u00f5es de brasileiros&#8221;, comemorou. Paulo Guedes espera que a vacina\u00e7\u00e3o em massa tenha um efeito positivo para a economia. &#8220;A sa\u00fade e a economia andam juntas&#8221;, observou.<\/p>\n\n\n\n<p>Fonte: Ag\u00eancia C\u00e2mara de Not\u00edcias<\/p>\n","protected":false},"excerpt":{"rendered":"<p>O presidente da C\u00e2mara, Arthur Lira (PP-AL), reuniu-se nesta quinta-feira (4) com o ministro da Economia, Paulo Guedes, para discutir o cronograma de vota\u00e7\u00e3o das reformas na C\u00e2mara e no Senado. Antes, Lira havia tratado do tema com o presidente do Senado, Rodrigo Pacheco, que tamb\u00e9m vai se encontrar separadamente com Guedes. &#8220;Foi acertado para [&hellip;]<\/p>\n","protected":false},"author":2,"featured_media":7513,"comment_status":"open","ping_status":"open","sticky":false,"template":"","format":"standard","meta":[],"categories":[8,4],"tags":[13],"_links":{"self":[{"href":"https:\/\/dgospel.com.br\/portal\/index.php\/wp-json\/wp\/v2\/posts\/7512"}],"collection":[{"href":"https:\/\/dgospel.com.br\/portal\/index.php\/wp-json\/wp\/v2\/posts"}],"about":[{"href":"https:\/\/dgospel.com.br\/portal\/index.php\/wp-json\/wp\/v2\/types\/post"}],"author":[{"embeddable":true,"href":"https:\/\/dgospel.com.br\/portal\/index.php\/wp-json\/wp\/v2\/users\/2"}],"replies":[{"embeddable":true,"href":"https:\/\/dgospel.com.br\/portal\/index.php\/wp-json\/wp\/v2\/comments?post=7512"}],"version-history":[{"count":1,"href":"https:\/\/dgospel.com.br\/portal\/index.php\/wp-json\/wp\/v2\/posts\/7512\/revisions"}],"predecessor-version":[{"id":7514,"href":"https:\/\/dgospel.com.br\/portal\/index.php\/wp-json\/wp\/v2\/posts\/7512\/revisions\/7514"}],"wp:featuredmedia":[{"embeddable":true,"href":"https:\/\/dgospel.com.br\/portal\/index.php\/wp-json\/wp\/v2\/media\/7513"}],"wp:attachment":[{"href":"https:\/\/dgospel.com.br\/portal\/index.php\/wp-json\/wp\/v2\/media?parent=7512"}],"wp:term":[{"taxonomy":"category","embeddable":true,"href":"https:\/\/dgospel.com.br\/portal\/index.php\/wp-json\/wp\/v2\/categories?post=7512"},{"taxonomy":"post_tag","embeddable":true,"href":"https:\/\/dgospel.com.br\/portal\/index.php\/wp-json\/wp\/v2\/tags?post=7512"}],"curies":[{"name":"wp","href":"https:\/\/api.w.org\/{rel}","templated":true}]}}