{"id":7515,"date":"2021-02-06T09:02:27","date_gmt":"2021-02-06T12:02:27","guid":{"rendered":"http:\/\/dgospel.com.br\/portal\/?p=7515"},"modified":"2021-02-06T09:02:28","modified_gmt":"2021-02-06T12:02:28","slug":"william-douglas-evangelico-e-titular-da-4a-vara-de-niteroi-e-promovido-a-desembargador-do-trf-2","status":"publish","type":"post","link":"https:\/\/dgospel.com.br\/portal\/index.php\/2021\/02\/06\/william-douglas-evangelico-e-titular-da-4a-vara-de-niteroi-e-promovido-a-desembargador-do-trf-2\/","title":{"rendered":"William Douglas, evang\u00e9lico e titular da 4\u00aa Vara de Niter\u00f3i, \u00e9 promovido a desembargador do TRF-2"},"content":{"rendered":"\n<p>O juiz federal evang\u00e9lico William Douglas, titular da 4\u00aa Vara Federal de Niter\u00f3i (RJ), teve sua promo\u00e7\u00e3o a desembargador aprovada pelo plen\u00e1rio do Tribunal Regional Federal da 2\u00aa Regi\u00e3o (TRF-2). A vota\u00e7\u00e3o ocorreu nessa 5\u00aa feira (4\/2) e foi unanime. Agora, a decis\u00e3o deve ser enviada ao Minist\u00e9rio da Justi\u00e7a e, depois, \u00e0 Presid\u00eancia da Rep\u00fablica para concluir os tr\u00e2mites necess\u00e1rios \u00e0 nomea\u00e7\u00e3o.<\/p>\n\n\n\n<p>A vaga em quest\u00e3o \u00e9 preenchida por crit\u00e9rios t\u00e9cnicos e n\u00e3o pol\u00edticos. Ela \u00e9 destinada apenas a ju\u00edzes federais de carreira. Ela ficou dispon\u00edvel ap\u00f3s a aposentadoria da desembargadora Sandra Negri. Desde 1993 na magistratura federal, William Douglas \u00e9, hoje, o mais antigo juiz de carreira atuando na 2\u00aa Regi\u00e3o, que abrange Rio de Janeiro e Esp\u00edrito Santo.<\/p>\n\n\n\n<p>Nas redes sociais, o magistrado postou um agradecimento. \u201cAgrade\u00e7o a Deus por essa honra. Tamb\u00e9m agrade\u00e7o \u00e0 minha fam\u00edlia, aos Desembargadores do TRF2 e \u00e0 minha equipe da j\u00e1 saudosa 4\u00aa Vara Federal de Niter\u00f3i\u201d, afirmou o juiz.<\/p>\n\n\n\n<p>O trabalho de Douglas na 4\u00aa Vara Federal de Niter\u00f3i se notabilizou por aplicar modelos de gest\u00e3o com base na governan\u00e7a e voltados \u00e0 obten\u00e7\u00e3o de resultados eficientes. Diversas vezes, em eventos p\u00fablicos, ele afirmou usar como refer\u00eancia autores como da \u00e1rea de administra\u00e7\u00e3o, como William E. Deming e Mark Moore. Em 2006, ele figurou na lista de exemplos de Boas Pr\u00e1ticas de Gest\u00e3o do Poder Judici\u00e1rio elaborada pelo Pr\u00eamio Innovare.<\/p>\n\n\n\n<p>Em 2020, diversos l\u00edderes evang\u00e9licos, de diferentes denomina\u00e7\u00f5es, fizeram um abaixo-assinado para que Douglas seja indicado pelo presidente da Rep\u00fablica, Jair Bolsonaro, para uma vaga de ministro do Supremo Tribunal Federal. Entre os signat\u00e1rios est\u00e3o R.R. Soares (Igreja Internacional da Gra\u00e7a de Deus), Silas Malafaia (Assembleia de Deus Vit\u00f3ria em Cristo), Samuel C\u00e2mara (Conven\u00e7\u00e3o da Assembleia de Deus no Brasil), Abner Ferreira (Assembleia de Deus no Brasil \u2013 Minist\u00e9rio de Madureira), S\u00f3crates de Oliveira (Conven\u00e7\u00e3o Batista Brasileira), Jorge Linhares (Igreja Batista Gets\u00eamani), Rinaldo Seixas (Bola de Neve) e Miguel Uchoa (Igreja Anglicana no Brasil).<\/p>\n\n\n\n<p>William Douglas \u00e9 tamb\u00e9m autor de mais de 40 livros nas \u00e1reas do direito, concursos, desenvolvimento pessoal, educa\u00e7\u00e3o e religi\u00e3o. Entre as obras, est\u00e3o os best sellers \u201cComo passar em provas e concursos\u201d, \u201cAs 25 leis b\u00edblicas do sucesso\u201d, \u201cSabedoria para vencer\u201d, \u201cOmiss\u00e3o Inconstitucional e Revis\u00e3o Geral dos Servidores P\u00fablicos\u201d e \u201cFormigas \u2013 li\u00e7\u00f5es da sociedade mais bem-sucedida da terra\u201d. A lista completa das obras de William Douglas est\u00e1 dispon\u00edvel aqui.<br><a href=\"https:\/\/williamdouglas.com.br\/\" target=\"_blank\" rel=\"noreferrer noopener\">https:\/\/williamdouglas.com.br<\/a><\/p>\n","protected":false},"excerpt":{"rendered":"<p>O juiz federal evang\u00e9lico William Douglas, titular da 4\u00aa Vara Federal de Niter\u00f3i (RJ), teve sua promo\u00e7\u00e3o a desembargador aprovada pelo plen\u00e1rio do Tribunal Regional Federal da 2\u00aa Regi\u00e3o (TRF-2). A vota\u00e7\u00e3o ocorreu nessa 5\u00aa feira (4\/2) e foi unanime. Agora, a decis\u00e3o deve ser enviada ao Minist\u00e9rio da Justi\u00e7a e, depois, \u00e0 Presid\u00eancia da [&hellip;]<\/p>\n","protected":false},"author":2,"featured_media":7516,"comment_status":"open","ping_status":"open","sticky":false,"template":"","format":"standard","meta":[],"categories":[5],"tags":[],"_links":{"self":[{"href":"https:\/\/dgospel.com.br\/portal\/index.php\/wp-json\/wp\/v2\/posts\/7515"}],"collection":[{"href":"https:\/\/dgospel.com.br\/portal\/index.php\/wp-json\/wp\/v2\/posts"}],"about":[{"href":"https:\/\/dgospel.com.br\/portal\/index.php\/wp-json\/wp\/v2\/types\/post"}],"author":[{"embeddable":true,"href":"https:\/\/dgospel.com.br\/portal\/index.php\/wp-json\/wp\/v2\/users\/2"}],"replies":[{"embeddable":true,"href":"https:\/\/dgospel.com.br\/portal\/index.php\/wp-json\/wp\/v2\/comments?post=7515"}],"version-history":[{"count":1,"href":"https:\/\/dgospel.com.br\/portal\/index.php\/wp-json\/wp\/v2\/posts\/7515\/revisions"}],"predecessor-version":[{"id":7517,"href":"https:\/\/dgospel.com.br\/portal\/index.php\/wp-json\/wp\/v2\/posts\/7515\/revisions\/7517"}],"wp:featuredmedia":[{"embeddable":true,"href":"https:\/\/dgospel.com.br\/portal\/index.php\/wp-json\/wp\/v2\/media\/7516"}],"wp:attachment":[{"href":"https:\/\/dgospel.com.br\/portal\/index.php\/wp-json\/wp\/v2\/media?parent=7515"}],"wp:term":[{"taxonomy":"category","embeddable":true,"href":"https:\/\/dgospel.com.br\/portal\/index.php\/wp-json\/wp\/v2\/categories?post=7515"},{"taxonomy":"post_tag","embeddable":true,"href":"https:\/\/dgospel.com.br\/portal\/index.php\/wp-json\/wp\/v2\/tags?post=7515"}],"curies":[{"name":"wp","href":"https:\/\/api.w.org\/{rel}","templated":true}]}}