{"id":7518,"date":"2021-02-09T17:45:18","date_gmt":"2021-02-09T20:45:18","guid":{"rendered":"http:\/\/dgospel.com.br\/portal\/?p=7518"},"modified":"2021-02-09T17:45:20","modified_gmt":"2021-02-09T20:45:20","slug":"camara-municipal-de-palmas-abre-nona-legislatura","status":"publish","type":"post","link":"https:\/\/dgospel.com.br\/portal\/index.php\/2021\/02\/09\/camara-municipal-de-palmas-abre-nona-legislatura\/","title":{"rendered":"C\u00e2mara Municipal de Palmas abre Nona Legislatura"},"content":{"rendered":"\n<p>Sess\u00e3o ordin\u00e1ria especial abriu&nbsp; a 09\u00ba Legislatura da C\u00e2mara Municipal de Palmas, nesta ter\u00e7a-feira, dia 9 de fevereiro. A sess\u00e3o foi comandada pela Presidente, Professora Janad Valcari (PODE). A cerim\u00f4nia contou com a presen\u00e7a da prefeita de Palmas, Cinthia Ribeiro (PSDB), do secret\u00e1rio Estadual Sebasti\u00e3o Albuquerque Cordeiro representando o governador do Estado, do presidente da OAB, Gedeon Pitaluga, Fabiana Razera Gon\u00e7alves representando a Defensoria Publica Estadual e do promotor, Abel Andrade Leal Junior representando o Procurador-Geral de Justi\u00e7a.<\/p>\n\n\n\n<figure class=\"wp-block-image\"><img src=\"https:\/\/www.palmas.to.leg.br\/Cinthia.JPG\/@@images\/a8ef795b-f638-4845-96ce-6c9c562cf3de.jpeg\" alt=\"\"\/><\/figure>\n\n\n\n<p><strong>Mensagem<\/strong><\/p>\n\n\n\n<p>No inicio da solenidade, foi lida pela prefeita Cintia Ribeiro, a sua mensagem de abertura para o ano legislativo. No discurso, a prefeita destacou a luta contra o coronavirus e a import\u00e2ncia da harmonia entre os poderes, Legislativo e Executivo. \u201cIniciamos esse ano de forma diferente, pois desde mar\u00e7o do ano passado, lutamos contra a epidemia do coronavirus. Tudo que foi feito at\u00e9 agora foi para fazer o melhor pelo bem coletivo, em nenhum momento subestimamos esse mal. O nosso pensamento sempre foi primeiro pensar e valorizar a vida. Palmas est\u00e1 novamente, como em outras cidades do Brasil, passando por esse dilema de flexibilizar e abrir plenamente o com\u00e9rcio, e com isso contribuir com uma maior circula\u00e7\u00e3o do v\u00edrus, ou fechar tudo para tentar diminuir a contamina\u00e7\u00e3o. Eu tenho plena certeza que vamos tomar as melhores medidas para beneficiar a nossa popula\u00e7\u00e3o\u201d, disse a prefeita.<\/p>\n\n\n\n<p>A respeito da harmonia entre os poderes Cinthia pediu apoio da Casa para&nbsp; fazer os investimentos necess\u00e1rios para a cidade. \u201cO Executivo rolo compressor do passado n\u00e3o funciona mais, visto que hoje o mais importante \u00e9 o di\u00e1logo e a parceria. Com apoio desse parlamento, iremos fazer todos os investimentos necess\u00e1rios para a cidade continuar avan\u00e7ando\u201d, garantiu Cinthia.<\/p>\n\n\n\n<p><strong>Independente<\/strong><\/p>\n\n\n\n<p>Na ocasi\u00e3o, a presidente Professora Janad Valcari, destacou a import\u00e2ncia de manter o parlamento livre e independe e citou as melhorias implantadas no seu primeiro m\u00eas de gest\u00e3o.<\/p>\n\n\n\n<p>\u201cReafirmamos o nosso compromisso com o povo desta capital, em mantermos esta Casa independente, com o foco voltado ao cidad\u00e3o. O que for bom e do interesse p\u00fablico ser\u00e1 votado e aprovado esse \u00e9 o nosso dever. \u00c9 tamb\u00e9m nosso dever, dar transpar\u00eancia aos atos desta Casa de Leis. Assim, todas as informa\u00e7\u00f5es j\u00e1 se encontram no Portal da Transpar\u00eancia, onde qualquer cidad\u00e3o pode conferir essas informa\u00e7\u00f5es de forma anal\u00edtica\u201d \u2013 destacou Janad.<\/p>\n\n\n\n<figure class=\"wp-block-image\"><img src=\"https:\/\/www.palmas.to.leg.br\/Jand.JPG\/@@images\/640363de-9fb2-4e6d-af7f-7eec25688d6b.jpeg\" alt=\"\"\/><\/figure>\n\n\n\n<p><strong>Novos Espa\u00e7os<\/strong><\/p>\n\n\n\n<p>Durante o seu pronunciamento, a presidente exibiu fotos dos novos espa\u00e7os, j\u00e1 criados por ela no pr\u00e9dio e t\u00eam por objetivo melhorar a qualidade de vida de servidores e freq\u00fcentadores da Casa de Leis.&nbsp; Entre esses espa\u00e7os est\u00e3o:&nbsp; a sala m\u00e9dica, sala de refei\u00e7\u00f5es, brinquedoteca e uma nova biblioteca, recheada de centenas de novos livros. \u201cEstamos tamb\u00e9m trabalhando para que possamos oferecer um plano de sa\u00fade e um plano odontol\u00f3gico que efetivamente atendam \u00e0s necessidades de nossos servidores\u201d \u2013conta a professora Janad, anunciando tamb\u00e9m a chegada da Semana de Arte e Cultura, que ter\u00e1 no final de cada m\u00eas, a sua edi\u00e7\u00e3o. \u201cNossos artistas foram muito prejudicados e essa \u00e9 uma oportunidade que estamos criando para eles\u201d&nbsp; &#8211; assegura.<\/p>\n\n\n\n<figure class=\"wp-block-image\"><img src=\"https:\/\/www.palmas.to.leg.br\/Foto3.JPG\/@@images\/b5843fc3-70c2-4c96-be43-a387bbeb9fc2.jpeg\" alt=\"\"\/><\/figure>\n\n\n\n<p>Tamb\u00e9m discursaram na solenidade os vereadores Folha Filho (Patriota),Waldson da Agesp (AVANTE), Jucelino Rodrigues(PSDB), Joatam (Cidadania), Solange Dualibe (PT), Eudes Assis(PSDB), Marilon Barbosa(DEM), Rogerio Freitas(MDB), Junior Bras\u00e3o(PSB), Moisemar Marinho(PDT) Marcio Reis (PSL), Daniel Nascimento(Republicanos) e Pedro Cardoso(DEM).<\/p>\n","protected":false},"excerpt":{"rendered":"<p>Sess\u00e3o ordin\u00e1ria especial abriu&nbsp; a 09\u00ba Legislatura da C\u00e2mara Municipal de Palmas, nesta ter\u00e7a-feira, dia 9 de fevereiro. A sess\u00e3o foi comandada pela Presidente, Professora Janad Valcari (PODE). A cerim\u00f4nia contou com a presen\u00e7a da prefeita de Palmas, Cinthia Ribeiro (PSDB), do secret\u00e1rio Estadual Sebasti\u00e3o Albuquerque Cordeiro representando o governador do Estado, do presidente da [&hellip;]<\/p>\n","protected":false},"author":2,"featured_media":7519,"comment_status":"open","ping_status":"open","sticky":false,"template":"","format":"standard","meta":[],"categories":[8],"tags":[13],"_links":{"self":[{"href":"https:\/\/dgospel.com.br\/portal\/index.php\/wp-json\/wp\/v2\/posts\/7518"}],"collection":[{"href":"https:\/\/dgospel.com.br\/portal\/index.php\/wp-json\/wp\/v2\/posts"}],"about":[{"href":"https:\/\/dgospel.com.br\/portal\/index.php\/wp-json\/wp\/v2\/types\/post"}],"author":[{"embeddable":true,"href":"https:\/\/dgospel.com.br\/portal\/index.php\/wp-json\/wp\/v2\/users\/2"}],"replies":[{"embeddable":true,"href":"https:\/\/dgospel.com.br\/portal\/index.php\/wp-json\/wp\/v2\/comments?post=7518"}],"version-history":[{"count":1,"href":"https:\/\/dgospel.com.br\/portal\/index.php\/wp-json\/wp\/v2\/posts\/7518\/revisions"}],"predecessor-version":[{"id":7520,"href":"https:\/\/dgospel.com.br\/portal\/index.php\/wp-json\/wp\/v2\/posts\/7518\/revisions\/7520"}],"wp:featuredmedia":[{"embeddable":true,"href":"https:\/\/dgospel.com.br\/portal\/index.php\/wp-json\/wp\/v2\/media\/7519"}],"wp:attachment":[{"href":"https:\/\/dgospel.com.br\/portal\/index.php\/wp-json\/wp\/v2\/media?parent=7518"}],"wp:term":[{"taxonomy":"category","embeddable":true,"href":"https:\/\/dgospel.com.br\/portal\/index.php\/wp-json\/wp\/v2\/categories?post=7518"},{"taxonomy":"post_tag","embeddable":true,"href":"https:\/\/dgospel.com.br\/portal\/index.php\/wp-json\/wp\/v2\/tags?post=7518"}],"curies":[{"name":"wp","href":"https:\/\/api.w.org\/{rel}","templated":true}]}}