{"id":752,"date":"2018-07-12T10:54:17","date_gmt":"2018-07-12T13:54:17","guid":{"rendered":"http:\/\/dgospel.com.br\/portal\/?p=752"},"modified":"2018-07-12T10:54:17","modified_gmt":"2018-07-12T13:54:17","slug":"aprovado-projeto-de-valderez-busca-transformar-situacao-de-jovens-moradores-de-rua","status":"publish","type":"post","link":"https:\/\/dgospel.com.br\/portal\/index.php\/2018\/07\/12\/aprovado-projeto-de-valderez-busca-transformar-situacao-de-jovens-moradores-de-rua\/","title":{"rendered":"Aprovado, Projeto de Valderez busca transformar situa\u00e7\u00e3o de jovens moradores de rua"},"content":{"rendered":"<p class=\"yiv3199218132MsoNormal\">A popula\u00e7\u00e3o do Tocantins passa a contar com mais uma importante ferramenta que facilitar\u00e1 a inclus\u00e3o social de pessoas vulner\u00e1veis e menos favorecidas. Foi aprovado no Plen\u00e1rio da Assembleia Legislativa, o projeto de lei (PL) n\u00ba 106, de autoria da deputada estadual Valderez Castelo Branco Martins (Progressistas), que institui o Programa de Fiscaliza\u00e7\u00e3o e Cadastro de Jovens Moradores de Rua, que estejam na faixa et\u00e1ria entre 15 e 29 anos de idade.<\/p>\n<p class=\"yiv3199218132MsoNormal\">De acordo com Valderez, o objetivo do projeto \u00e9 fazer o levantamento dos jovens em situa\u00e7\u00e3o de vulnerabilidade, que vivem nas ruas das cidades tocantinenses, com informa\u00e7\u00f5es que auxiliem na ressocializa\u00e7\u00e3o do indiv\u00edduo.<\/p>\n<p class=\"yiv3199218132MsoNormal\">O intuito do cadastro \u00e9 identificar as situa\u00e7\u00f5es em que vivem cada jovem, seja depend\u00eancia qu\u00edmica, transtorno mental, abandono, defici\u00eancia e tantas outras, a fim de serem encaminhados para centros de apoio e tratamentos oferecidos por meio de pol\u00edticas p\u00fablicas, ou at\u00e9 mesmo reinseridos no seio familiar. Uma vez recuperados, eles poder\u00e3o participar de cursos profissionalizantes oferecidos por institui\u00e7\u00f5es estaduais, nos cadastros estaduais de profissionais e tamb\u00e9m em empresas privadas, por meio de parcerias (PPP). Desta maneira, ter\u00e3o a oportunidade de atuar no mercado de trabalho.<\/p>\n<p class=\"yiv3199218132MsoNormal\">Para a deputada, a exist\u00eancia de jovens moradores de rua \u00e9 um problema que aflige n\u00e3o apenas essa parcela da popula\u00e7\u00e3o, mas \u00e0s fam\u00edlias e toda a sociedade. Al\u00e9m de serem alvos de criminosos e exploradores sexuais, bem como do tr\u00e1fico de drogas. Muitos recorrem ao crime e atos atrozes, at\u00e9 em virtude da pr\u00f3pria sobreviv\u00eancia. \u201cO PL tem por objetivo minimizar esse quadro, colaborando para a melhoria da qualidade de vida desses jovens, que necessitam de assist\u00eancia urgente\u201d, afirmou.<\/p>\n","protected":false},"excerpt":{"rendered":"<p>A popula\u00e7\u00e3o do Tocantins passa a contar com mais uma importante ferramenta que facilitar\u00e1 a inclus\u00e3o social de pessoas vulner\u00e1veis e menos favorecidas. Foi aprovado no Plen\u00e1rio da Assembleia Legislativa, o projeto de lei (PL) n\u00ba 106, de autoria da deputada estadual Valderez Castelo Branco Martins (Progressistas), que institui o Programa de Fiscaliza\u00e7\u00e3o e Cadastro [&hellip;]<\/p>\n","protected":false},"author":2,"featured_media":753,"comment_status":"open","ping_status":"open","sticky":false,"template":"","format":"standard","meta":[],"categories":[8,2],"tags":[],"_links":{"self":[{"href":"https:\/\/dgospel.com.br\/portal\/index.php\/wp-json\/wp\/v2\/posts\/752"}],"collection":[{"href":"https:\/\/dgospel.com.br\/portal\/index.php\/wp-json\/wp\/v2\/posts"}],"about":[{"href":"https:\/\/dgospel.com.br\/portal\/index.php\/wp-json\/wp\/v2\/types\/post"}],"author":[{"embeddable":true,"href":"https:\/\/dgospel.com.br\/portal\/index.php\/wp-json\/wp\/v2\/users\/2"}],"replies":[{"embeddable":true,"href":"https:\/\/dgospel.com.br\/portal\/index.php\/wp-json\/wp\/v2\/comments?post=752"}],"version-history":[{"count":1,"href":"https:\/\/dgospel.com.br\/portal\/index.php\/wp-json\/wp\/v2\/posts\/752\/revisions"}],"predecessor-version":[{"id":754,"href":"https:\/\/dgospel.com.br\/portal\/index.php\/wp-json\/wp\/v2\/posts\/752\/revisions\/754"}],"wp:featuredmedia":[{"embeddable":true,"href":"https:\/\/dgospel.com.br\/portal\/index.php\/wp-json\/wp\/v2\/media\/753"}],"wp:attachment":[{"href":"https:\/\/dgospel.com.br\/portal\/index.php\/wp-json\/wp\/v2\/media?parent=752"}],"wp:term":[{"taxonomy":"category","embeddable":true,"href":"https:\/\/dgospel.com.br\/portal\/index.php\/wp-json\/wp\/v2\/categories?post=752"},{"taxonomy":"post_tag","embeddable":true,"href":"https:\/\/dgospel.com.br\/portal\/index.php\/wp-json\/wp\/v2\/tags?post=752"}],"curies":[{"name":"wp","href":"https:\/\/api.w.org\/{rel}","templated":true}]}}