{"id":7521,"date":"2021-02-09T17:47:43","date_gmt":"2021-02-09T20:47:43","guid":{"rendered":"http:\/\/dgospel.com.br\/portal\/?p=7521"},"modified":"2021-02-09T17:47:45","modified_gmt":"2021-02-09T20:47:45","slug":"janad-valcari-apresenta-projeto-de-construcao-da-sede-definitiva-da-camara","status":"publish","type":"post","link":"https:\/\/dgospel.com.br\/portal\/index.php\/2021\/02\/09\/janad-valcari-apresenta-projeto-de-construcao-da-sede-definitiva-da-camara\/","title":{"rendered":"Janad Valcari apresenta projeto de constru\u00e7\u00e3o da sede definitiva da C\u00e2mara"},"content":{"rendered":"\n<p>Tirar a C\u00e2mara Municipal do aluguel \u00e9 grande prop\u00f3sito da presidente da Casa, vereadora Professora Janad Valcari (Podemos). Logo na sess\u00e3o de abertura da Nona Legislatura, a presidente apresentou oficio \u00e0 prefeita de Palmas, Cinthia Ribeiro (PSDB), solicitando o envio de projeto que delimite uma \u00e1rea p\u00fablica municipal para a constru\u00e7\u00e3o da t\u00e3o sonhada sede pr\u00f3pria.<\/p>\n\n\n\n<p>\u201cS\u00e3o R$ 95 mil que s\u00e3o gastos todos os meses, sem nenhuma compensa\u00e7\u00e3o para o er\u00e1rio p\u00fablico. Em 30 anos, o aluguel, manuten\u00e7\u00e3o e reformas consumiram quase R$ 38 milh\u00f5es, o suficiente para construirmos e equiparmos sete sedes pr\u00f3prias, do Poder Legislativo Municipal\u201d \u2013 explica a vereadora.<\/p>\n\n\n\n<figure class=\"wp-block-image\"><img src=\"https:\/\/www.palmas.to.leg.br\/Foto2.JPG\/@@images\/dda03749-0cba-4a28-bcac-0221ce74ae8e.jpeg\" alt=\"\"\/><\/figure>\n\n\n\n<p><strong>Avalista<\/strong><\/p>\n\n\n\n<p>De forma planejada e \u00e1gil, a presidente professora Janad j\u00e1 apresentou, na sess\u00e3o de abertura, projeto arquitet\u00f4nico moderno que atende \u00e0s necessidades parlamentares, com financiamento, no valor de R$ 5 milh\u00f5es e 700 mil, dividido em 108 parcelas, pr\u00e9-aprovado pela Caixa Econ\u00f4mica Federal e com dois anos de car\u00eancia para o pagamento da primeira parcela.<\/p>\n\n\n\n<p>\u201cO prazo de car\u00eancia \u00e9 o suficiente para construirmos todo o pr\u00e9dio e nos dar\u00e1 uma economia de R$ 35 mil mensais. Como este Parlamento n\u00e3o possui legalmente, poder de endividamento, e tem direito legal a uma \u00e1rea publica municipal, para edifica\u00e7\u00e3o de sua sede pr\u00f3pria, estamos solicitando da prefeita Cinthia Ribeiro, para que assine e avalize&nbsp; o financiamento a ser descontado do repasse do duod\u00e9cimo mensal, que a C\u00e2mara Municipal de Palmas tem por direito constitucional\u201d \u2013 argumenta a presidente.<\/p>\n","protected":false},"excerpt":{"rendered":"<p>Tirar a C\u00e2mara Municipal do aluguel \u00e9 grande prop\u00f3sito da presidente da Casa, vereadora Professora Janad Valcari (Podemos). Logo na sess\u00e3o de abertura da Nona Legislatura, a presidente apresentou oficio \u00e0 prefeita de Palmas, Cinthia Ribeiro (PSDB), solicitando o envio de projeto que delimite uma \u00e1rea p\u00fablica municipal para a constru\u00e7\u00e3o da t\u00e3o sonhada sede [&hellip;]<\/p>\n","protected":false},"author":2,"featured_media":7522,"comment_status":"open","ping_status":"open","sticky":false,"template":"","format":"standard","meta":[],"categories":[8,4],"tags":[13],"_links":{"self":[{"href":"https:\/\/dgospel.com.br\/portal\/index.php\/wp-json\/wp\/v2\/posts\/7521"}],"collection":[{"href":"https:\/\/dgospel.com.br\/portal\/index.php\/wp-json\/wp\/v2\/posts"}],"about":[{"href":"https:\/\/dgospel.com.br\/portal\/index.php\/wp-json\/wp\/v2\/types\/post"}],"author":[{"embeddable":true,"href":"https:\/\/dgospel.com.br\/portal\/index.php\/wp-json\/wp\/v2\/users\/2"}],"replies":[{"embeddable":true,"href":"https:\/\/dgospel.com.br\/portal\/index.php\/wp-json\/wp\/v2\/comments?post=7521"}],"version-history":[{"count":1,"href":"https:\/\/dgospel.com.br\/portal\/index.php\/wp-json\/wp\/v2\/posts\/7521\/revisions"}],"predecessor-version":[{"id":7523,"href":"https:\/\/dgospel.com.br\/portal\/index.php\/wp-json\/wp\/v2\/posts\/7521\/revisions\/7523"}],"wp:featuredmedia":[{"embeddable":true,"href":"https:\/\/dgospel.com.br\/portal\/index.php\/wp-json\/wp\/v2\/media\/7522"}],"wp:attachment":[{"href":"https:\/\/dgospel.com.br\/portal\/index.php\/wp-json\/wp\/v2\/media?parent=7521"}],"wp:term":[{"taxonomy":"category","embeddable":true,"href":"https:\/\/dgospel.com.br\/portal\/index.php\/wp-json\/wp\/v2\/categories?post=7521"},{"taxonomy":"post_tag","embeddable":true,"href":"https:\/\/dgospel.com.br\/portal\/index.php\/wp-json\/wp\/v2\/tags?post=7521"}],"curies":[{"name":"wp","href":"https:\/\/api.w.org\/{rel}","templated":true}]}}