{"id":7527,"date":"2021-02-10T17:52:38","date_gmt":"2021-02-10T20:52:38","guid":{"rendered":"http:\/\/dgospel.com.br\/portal\/?p=7527"},"modified":"2021-02-10T17:52:40","modified_gmt":"2021-02-10T20:52:40","slug":"prefeita-cinthia-ribeiro-abre-o-ano-legislativo-2021-e-lembra-que-sintonia-entre-poderes-mantera-palmas-em-crescimento","status":"publish","type":"post","link":"https:\/\/dgospel.com.br\/portal\/index.php\/2021\/02\/10\/prefeita-cinthia-ribeiro-abre-o-ano-legislativo-2021-e-lembra-que-sintonia-entre-poderes-mantera-palmas-em-crescimento\/","title":{"rendered":"Prefeita Cinthia Ribeiro abre o Ano Legislativo 2021 e lembra que sintonia entre poderes manter\u00e1 Palmas em crescimento"},"content":{"rendered":"\n<p>Na manh\u00e3 desta ter\u00e7a-feira, 09, a prefeita Cinthia Ribeiro (PSDB) abriu a sess\u00e3o especial ordin\u00e1ria de abertura da 9\u00aa Legislatura da C\u00e2mara Municipal de Palmas, realizada no plen\u00e1rio da Casa, e destacou a import\u00e2ncia da sintonia entre Legislativo e Executivo para Palmas manter o ritmo forte de crescimento. A presidente da C\u00e2mara, Janad Valcari (Podemos), conduziu a sess\u00e3o com participa\u00e7\u00e3o de todos os vereadores da cidade.<\/p>\n\n\n\n<p>Acompanhada do secret\u00e1rio de Governo e Rela\u00e7\u00f5es Institucionais, Carlos Braga, que no ato representou os servidores da Prefeitura de Palmas, Cinthia Ribeiro iniciou sua fala no plen\u00e1rio enumerando os desafios para 2021, principalmente o atual momento da pandemia. \u201cIniciamos 2021 de forma diferente do que um novo ano nos traz. Desde mar\u00e7o do ano passado lidamos a cada dia com o desafio de lutar contra a pandemia do novo coronav\u00edrus, e lidar com todo tipo de adversidade. Estamos fazendo todo o nosso poss\u00edvel, ainda que as medidas gerem algum tipo de descontentamento. No esfor\u00e7o de acertar, o nosso senso sempre nos diz: vidas importam. O tempo dir\u00e1, mas tudo que fizemos \u00e9 com o intuito de escolher o melhor para o bem coletivo. Certamente a hist\u00f3ria tamb\u00e9m vai registrar esse esfor\u00e7o de supera\u00e7\u00e3o\u201d, relatou.<\/p>\n\n\n\n<p>Cinthia tamb\u00e9m lembrou aos presentes sobre o alerta feito por ela em janeiro, da possibilidade do avan\u00e7o da Covid-19, que iria exigir muita sabedoria, compreens\u00e3o e trabalho para proteger a vida dos palmenses e a economia da cidade. \u201cInfelizmente, a previs\u00e3o se confirmou e Palmas est\u00e1 hoje, novamente, assim como diversas cidades, diante dos dilemas que esta doen\u00e7a nos imp\u00f5e. Todos os dias, novos dilemas, novos aprendizados, e agora uma grande esperan\u00e7a: a vacina que come\u00e7a a chegar e vai chegar para todos, se Deus quiser.\u201d<\/p>\n\n\n\n<p>A prefeita deixou claro os esfor\u00e7os cont\u00ednuos na sua gest\u00e3o para que a pandemia n\u00e3o prejudique a elabora\u00e7\u00e3o de projetos, a capta\u00e7\u00e3o de recursos e a implementa\u00e7\u00e3o de programas e a\u00e7\u00f5es para manter a cidade num ritmo forte de crescimento. \u201cE todo esse planejamento e esfor\u00e7o ir\u00e3o passar pelo Legislativo, onde espero que tenha o devido espa\u00e7o para o debate e a aprecia\u00e7\u00e3o, mesmo nos dias mais duros desta pandemia. Portanto, temos essa dupla miss\u00e3o, j\u00e1 neste in\u00edcio de ano: o combate firme \u00e0 pandemia que vai exigir uma produ\u00e7\u00e3o legislativa, adequa\u00e7\u00f5es no or\u00e7amento entre outras medidas que ser\u00e3o propostas pelas senhoras e senhores vereadores\u201d, ressaltou.<\/p>\n\n\n\n<p>Rela\u00e7\u00e3o respeitosa<\/p>\n\n\n\n<p>Uma das marcas da sua gest\u00e3o, desde que assumiu o comando da Prefeitura de Palmas em abril de 2018, e reeleita em 2020, \u00e9 o respeito, al\u00e9m do di\u00e1logo com os vereadores, servidores p\u00fablicos e toda a popula\u00e7\u00e3o de Palmas. \u201cOs avan\u00e7os nos \u00faltimos anos s\u00f3 foram poss\u00edveis com uma conviv\u00eancia harmoniosa entre Executivo e Legislativo, como nos imp\u00f5e a nossa Lei Org\u00e2nica e como nos guia a nossa Constitui\u00e7\u00e3o Federal, e como orienta a boa conduta pol\u00edtica. Harmonia que n\u00e3o implica em subservi\u00eancia e em submiss\u00e3o, mas em converg\u00eancia no interesse p\u00fablico, sobretudo num momento delicado como este\u201d, lembrou.<\/p>\n\n\n\n<p>A gestora pediu ainda que as ofensas sejam trocadas pelo respeito aos pares e aos eleitores, assim como trocar a queda de bra\u00e7o pelo esfor\u00e7o conjunto. \u201cO Poder Executivo vai passar por uma ampla reformula\u00e7\u00e3o e, dentro desta nossa estrutura e nova filosofia, teremos o espa\u00e7o do vereador e da vereadora ampliado. A maioria pol\u00edtica nesta casa, n\u00e3o nos acomoda, pelo contr\u00e1rio: amplia-se a participa\u00e7\u00e3o da C\u00e2mara nas decis\u00f5es do Executivo, criando mais proximidade e mais responsabilidade.\u201d<\/p>\n\n\n\n<p>Ao falar sobre a continuidade do amplo programa de investimentos em curso na cidade, gra\u00e7as aos recursos oriundos do Banco de Desenvolvimento da Am\u00e9rica Latina (CAF), financiamentos com institui\u00e7\u00f5es nacionais e recursos pr\u00f3prios, Cinthia lembrou da aprova\u00e7\u00e3o do or\u00e7amento de R$ 1,5 bilh\u00e3o, que tamb\u00e9m ser\u00e1 usado para honrar compromissos com os servidores.&nbsp; \u201cPara Palmas n\u00e3o parar. \u00c9 claro que os cuidados com a sa\u00fade p\u00fablica ter\u00e3o prioridade total, e tudo faremos para minimizar o impacto da pandemia. Com o apoio desta Casa de Leis continuaremos realizando importantes investimentos como medidas de est\u00edmulo econ\u00f4mico, e para a manuten\u00e7\u00e3o dos empregos e a gera\u00e7\u00e3o de renda\u201d, declarou a prefeita ao mencionar as obras de infraestrutura em toda a cidade, a exemplo das realizadas no Jardim Taquari, Arnes 54 e 64, e a segunda etapa do CAF que contemplar\u00e1 em 2021 o Santa F\u00e9 e os setores Morada do Sol I, II e III.<\/p>\n\n\n\n<p>Em suas \u00faltimas palavras no plen\u00e1rio, Cinthia Ribeiro enalteceu a nova composi\u00e7\u00e3o da C\u00e2mara de Vereadores comprometida com a cidade, mais plural, com mulheres e homens conhecedores da realidade das comunidades e bandeiras que representam. Alguns com experi\u00eancia legislativa e todos bem intencionados. \u201cVamos confiar na sua infinita sabedoria e na experi\u00eancia e conhecimento de cada um para fazer um bel\u00edssimo trabalho e orgulhar nossos eleitores, o nosso povo e todo o Tocantins, porque Palmas \u00e9 um espelho para outras cidades e as outras c\u00e2maras de vereadores. Por isso, somos a capital de todos os tocantinenses\u201d, finalizou.<\/p>\n","protected":false},"excerpt":{"rendered":"<p>Na manh\u00e3 desta ter\u00e7a-feira, 09, a prefeita Cinthia Ribeiro (PSDB) abriu a sess\u00e3o especial ordin\u00e1ria de abertura da 9\u00aa Legislatura da C\u00e2mara Municipal de Palmas, realizada no plen\u00e1rio da Casa, e destacou a import\u00e2ncia da sintonia entre Legislativo e Executivo para Palmas manter o ritmo forte de crescimento. A presidente da C\u00e2mara, Janad Valcari (Podemos), [&hellip;]<\/p>\n","protected":false},"author":2,"featured_media":7528,"comment_status":"open","ping_status":"open","sticky":false,"template":"","format":"standard","meta":[],"categories":[4],"tags":[13],"_links":{"self":[{"href":"https:\/\/dgospel.com.br\/portal\/index.php\/wp-json\/wp\/v2\/posts\/7527"}],"collection":[{"href":"https:\/\/dgospel.com.br\/portal\/index.php\/wp-json\/wp\/v2\/posts"}],"about":[{"href":"https:\/\/dgospel.com.br\/portal\/index.php\/wp-json\/wp\/v2\/types\/post"}],"author":[{"embeddable":true,"href":"https:\/\/dgospel.com.br\/portal\/index.php\/wp-json\/wp\/v2\/users\/2"}],"replies":[{"embeddable":true,"href":"https:\/\/dgospel.com.br\/portal\/index.php\/wp-json\/wp\/v2\/comments?post=7527"}],"version-history":[{"count":1,"href":"https:\/\/dgospel.com.br\/portal\/index.php\/wp-json\/wp\/v2\/posts\/7527\/revisions"}],"predecessor-version":[{"id":7529,"href":"https:\/\/dgospel.com.br\/portal\/index.php\/wp-json\/wp\/v2\/posts\/7527\/revisions\/7529"}],"wp:featuredmedia":[{"embeddable":true,"href":"https:\/\/dgospel.com.br\/portal\/index.php\/wp-json\/wp\/v2\/media\/7528"}],"wp:attachment":[{"href":"https:\/\/dgospel.com.br\/portal\/index.php\/wp-json\/wp\/v2\/media?parent=7527"}],"wp:term":[{"taxonomy":"category","embeddable":true,"href":"https:\/\/dgospel.com.br\/portal\/index.php\/wp-json\/wp\/v2\/categories?post=7527"},{"taxonomy":"post_tag","embeddable":true,"href":"https:\/\/dgospel.com.br\/portal\/index.php\/wp-json\/wp\/v2\/tags?post=7527"}],"curies":[{"name":"wp","href":"https:\/\/api.w.org\/{rel}","templated":true}]}}