{"id":7530,"date":"2021-02-10T18:17:22","date_gmt":"2021-02-10T21:17:22","guid":{"rendered":"http:\/\/dgospel.com.br\/portal\/?p=7530"},"modified":"2021-02-10T18:17:25","modified_gmt":"2021-02-10T21:17:25","slug":"coronel-wesley-borges-costa-e-nomeado-como-chefe-de-estado-maior-da-pmto","status":"publish","type":"post","link":"https:\/\/dgospel.com.br\/portal\/index.php\/2021\/02\/10\/coronel-wesley-borges-costa-e-nomeado-como-chefe-de-estado-maior-da-pmto\/","title":{"rendered":"Coronel Wesley Borges Costa \u00e9 nomeado como Chefe de Estado-Maior da PMTO"},"content":{"rendered":"\n<p>O governador do Estado do Tocantins, Mauro Carlesse, nomeou nesta ter\u00e7a-feira, 9, o coronel Wesley Borges Costa como chefe do Estado-Maior da Pol\u00edcia Militar do Tocantins (PMTO). Ele \u00e9 o primeiro oficial formado no Estado a assumir um cargo na c\u00fapula da institui\u00e7\u00e3o. O chefe do Estado-Maior da PM vai assessorar o comandante-geral nos assuntos pertinentes \u00e0 corpora\u00e7\u00e3o podendo, inclusive, substituir o mesmo nos seus impedimentos, j\u00e1 que tamb\u00e9m acumula a fun\u00e7\u00e3o de subcomandante da Pol\u00edcia Militar, conforme a Lei Complementar n\u00ba 079 de 27 de abril de 2012.<\/p>\n\n\n\n<p>O chefe do Estado-Maior \u00e9 nomeado por ato do chefe do Poder Executivo, mediante indica\u00e7\u00e3o do Comandante-Geral, dentre os coron\u00e9is da ativa pertencentes ao Quadro de Oficiais Policiais Militares (QOPM) e tem preced\u00eancia funcional sobre os demais policiais militares, exceto sobre o Comandante-Geral.<\/p>\n\n\n\n<p>O coronel M\u00e1rcio Barbosa de Mendon\u00e7a deixa o cargo que assumiu em 2019, para dar lugar ao coronel Wesley, que atuava no Comando do Policiamento da Capital (CPC).<\/p>\n\n\n\n<p><strong>Perfil<\/strong><\/p>\n\n\n\n<p>O coronel Wesley Borges Costa realizou o Curso de Forma\u00e7\u00e3o de Oficiais pela PMTO, na Academia de Pol\u00edcia Militar Tiradentes, em Palmas-TO, no per\u00edodo de 2003 a 2006. O referido curso equivale ao bacharelado em Seguran\u00e7a P\u00fablica, em conv\u00eanio com a Universidade Estadual do Tocantins.<\/p>\n\n\n\n<p>Antes de alcan\u00e7ar o segundo cargo mais importante na PMTO, o oficial se destacou em diversas fun\u00e7\u00f5es na carreira, dentre elas, a chefia da Assessoria Militar da Assembleia Legislativa; diretor de Sa\u00fade e Prote\u00e7\u00e3o Social da PMTO e comandante do Policiamento da Capital.<\/p>\n\n\n\n<p>O coronel Wesley j\u00e1 passou pelo 1\u00ba Batalh\u00e3o de Pol\u00edcia Militar em Palmas exercendo a fun\u00e7\u00e3o de p\/3 e comandante da Casa de Pris\u00e3o Provis\u00f3ria; 3\u00ba Batalh\u00e3o de Pol\u00edcia Militar em Pedro Afonso; na assessoria t\u00e9cnica de Inform\u00e1tica e Telecomunica\u00e7\u00f5es no QCG; 1\u00aa Companhia em Arraias, comandando o pelot\u00e3o de Taguatinga; assessoria de gest\u00e3o p\u00fablica e qualidade do Comando Geral; ajudante de ordens do comandante-geral; diretor do Col\u00e9gio da Pol\u00edcia Militar; assessor militar na Assembleia Legislativa; diretor de Sa\u00fade e Promo\u00e7\u00e3o Social da PMTO e comandante do Policiamento da Capital.<\/p>\n","protected":false},"excerpt":{"rendered":"<p>O governador do Estado do Tocantins, Mauro Carlesse, nomeou nesta ter\u00e7a-feira, 9, o coronel Wesley Borges Costa como chefe do Estado-Maior da Pol\u00edcia Militar do Tocantins (PMTO). Ele \u00e9 o primeiro oficial formado no Estado a assumir um cargo na c\u00fapula da institui\u00e7\u00e3o. O chefe do Estado-Maior da PM vai assessorar o comandante-geral nos assuntos [&hellip;]<\/p>\n","protected":false},"author":2,"featured_media":7531,"comment_status":"open","ping_status":"open","sticky":false,"template":"","format":"standard","meta":[],"categories":[3],"tags":[],"_links":{"self":[{"href":"https:\/\/dgospel.com.br\/portal\/index.php\/wp-json\/wp\/v2\/posts\/7530"}],"collection":[{"href":"https:\/\/dgospel.com.br\/portal\/index.php\/wp-json\/wp\/v2\/posts"}],"about":[{"href":"https:\/\/dgospel.com.br\/portal\/index.php\/wp-json\/wp\/v2\/types\/post"}],"author":[{"embeddable":true,"href":"https:\/\/dgospel.com.br\/portal\/index.php\/wp-json\/wp\/v2\/users\/2"}],"replies":[{"embeddable":true,"href":"https:\/\/dgospel.com.br\/portal\/index.php\/wp-json\/wp\/v2\/comments?post=7530"}],"version-history":[{"count":1,"href":"https:\/\/dgospel.com.br\/portal\/index.php\/wp-json\/wp\/v2\/posts\/7530\/revisions"}],"predecessor-version":[{"id":7532,"href":"https:\/\/dgospel.com.br\/portal\/index.php\/wp-json\/wp\/v2\/posts\/7530\/revisions\/7532"}],"wp:featuredmedia":[{"embeddable":true,"href":"https:\/\/dgospel.com.br\/portal\/index.php\/wp-json\/wp\/v2\/media\/7531"}],"wp:attachment":[{"href":"https:\/\/dgospel.com.br\/portal\/index.php\/wp-json\/wp\/v2\/media?parent=7530"}],"wp:term":[{"taxonomy":"category","embeddable":true,"href":"https:\/\/dgospel.com.br\/portal\/index.php\/wp-json\/wp\/v2\/categories?post=7530"},{"taxonomy":"post_tag","embeddable":true,"href":"https:\/\/dgospel.com.br\/portal\/index.php\/wp-json\/wp\/v2\/tags?post=7530"}],"curies":[{"name":"wp","href":"https:\/\/api.w.org\/{rel}","templated":true}]}}