{"id":7536,"date":"2021-02-10T18:23:45","date_gmt":"2021-02-10T21:23:45","guid":{"rendered":"http:\/\/dgospel.com.br\/portal\/?p=7536"},"modified":"2021-02-10T18:23:46","modified_gmt":"2021-02-10T21:23:46","slug":"governador-carlesse-recebe-prefeitos-e-empresarios-e-comemora-investimentos-em-mineracao-no-sudeste","status":"publish","type":"post","link":"https:\/\/dgospel.com.br\/portal\/index.php\/2021\/02\/10\/governador-carlesse-recebe-prefeitos-e-empresarios-e-comemora-investimentos-em-mineracao-no-sudeste\/","title":{"rendered":"Governador Carlesse recebe prefeitos e empres\u00e1rios e comemora investimentos em minera\u00e7\u00e3o no sudeste"},"content":{"rendered":"\n<p>Onze prefeitos oriundos de v\u00e1rias regi\u00f5es do Tocantins foram mais uma vez recebidos nesta quarta-feira, 10, no Pal\u00e1cio Araguaia, para um encontro com o governador do Estado, Mauro Carlesse. Em reuni\u00e3o individual, o Chefe do Executivo tocantinense ouviu as demandas de cada um dos gestores e assegurou o apoio do Governo em a\u00e7\u00f5es diretas nos munic\u00edpios.<\/p>\n\n\n\n<p>\u201cNossa proposta \u00e9 que essas reuni\u00f5es aconte\u00e7am com frequ\u00eancia para ouvirmos as demandas e que, juntos, possamos procurar solu\u00e7\u00f5es e orientar cada gestor em como buscar recursos e atrair investidores para melhorar a vida da popula\u00e7\u00e3o\u201d, destacou o governador Carlesse.<\/p>\n\n\n\n<p>O vice-governador do Tocantins, Wanderlei Barbosa, reiterou que o Pal\u00e1cio Araguaia est\u00e1 de portas abertas para todos os gestores municipais e a comunidade. \u201c\u00c9 muito importante esse di\u00e1logo e todo prefeito \u00e9 bem-vindo para firmarmos parcerias e buscarmos solu\u00e7\u00f5es que contemplem os moradores de cada localidade. Esse \u00e9 o prop\u00f3sito da nossa Gest\u00e3o Municipalista\u201d, ponderou.<\/p>\n\n\n\n<p>O presidente da Assembleia Legislativa do Tocantins (Aleto), deputado Antonio Andrade, que intermediou a reuni\u00e3o com os prefeitos, destacou a necessidade de ajudar principalmente os novos gestores municipais. \u201cO Governador tem um pensamento municipalista e est\u00e1 recebendo os prefeitos justamente para resolver os problemas dos munic\u00edpios. A gente sabe que, nesta pandemia, os munic\u00edpios est\u00e3o em situa\u00e7\u00e3o dif\u00edcil, sabe que os prefeitos que assumiram agora pegaram as prefeituras praticamente sucateadas, quem est\u00e1 em reelei\u00e7\u00e3o est\u00e1 com a casa organizada\u201d, ressaltou.<\/p>\n\n\n\n<p>Da regi\u00e3o do Vale do Araguaia, o prefeito de Lagoa da Confus\u00e3o, Thiago Soares, falou da import\u00e2ncia da abertura do di\u00e1logo para resolver as demandas da regi\u00e3o. &#8220;Tem sido muito importante este contato que estamos tendo com o Governador. \u00c9 um di\u00e1logo direto que vem facilitando o atendimento de nossas demandas, diminuindo os protocolos\u201d, destacou.<\/p>\n\n\n\n<p>Do munic\u00edpio de Santa Tereza, regi\u00e3o central do Estado, o prefeito Antonio Campos, trouxe demandas referentes \u00e0s \u00e1reas de infraestrutura e educa\u00e7\u00e3o. \u201cTemos buscado apoio para a\u00e7\u00f5es de infraestrutura, reforma de escolas e melhorias de ruas. Estamos com uma grande expectativa de que teremos este apoio e levaremos estes benef\u00edcios ao munic\u00edpio\u201d, ressaltou.<\/p>\n\n\n\n<p>J\u00e1 da regi\u00e3o do Bico do Papagaio, do munic\u00edpio de Nazar\u00e9, o prefeito Clayton Rodrigues ressaltou o car\u00e1ter municipalista da Gest\u00e3o Estadual. \u201cTemos observado que este Governo, de forma municipalista, vai favorecer a gente e precisamos muito disso, principalmente por conta do momento de pandemia que estamos vivendo. O Governador tem se mostrado parceiro dos munic\u00edpios&#8221;, afirmou.<\/p>\n\n\n\n<p><strong>Minera\u00e7\u00e3o<\/strong><\/p>\n\n\n\n<p>O prefeito de Almas, Wagner Carvalho, aproveitou a oportunidade para apresentar, ao governador Carlesse, os empres\u00e1rios da Aura Minerals, que est\u00e1 prestes a instalar um empreendimento voltado \u00e0 minera\u00e7\u00e3o de ouro na regi\u00e3o. \u201c\u00c9 um projeto de minera\u00e7\u00e3o que est\u00e1 sendo instalado em Almas, que ir\u00e1 contribuir para a gera\u00e7\u00e3o de emprego e renda na regi\u00e3o. \u00c9 muito bom para o munic\u00edpio e tamb\u00e9m para o Tocantins\u201d, destacou o prefeito.<\/p>\n\n\n\n<p>O vice-presidente de Opera\u00e7\u00f5es da Aura Minerals, Glauber Luvizotto, informou que, desde 2008, a empresa vem trabalhando no projeto, tendo conclu\u00eddo toda a fase de estudos e, no momento, est\u00e1 na fase de aprova\u00e7\u00e3o de licen\u00e7as ambientais. \u201cEstamos dando andamento a todo processo de licenciamento para iniciar a constru\u00e7\u00e3o do projeto a partir do segundo semestre. \u00c9 uma constru\u00e7\u00e3o que leva um ano para ser completada. N\u00f3s apresentamos o projeto, ao Governo do Estado, para buscar parcerias. Todo o processo de minera\u00e7\u00e3o de ouro vai ser realizado l\u00e1, desde a mina, a movimenta\u00e7\u00e3o de material at\u00e9 a planta de processamento, onde a gente vai exportar ouro concentrado em barras. Na fase da constru\u00e7\u00e3o, vai chegar at\u00e9 800 empregos diretos e indiretos; e, na fase de opera\u00e7\u00e3o, 900 empregos diretos e indiretos. O investimento \u00e9 de US$ 375 milh\u00f5es s\u00f3 para implanta\u00e7\u00e3o do projeto\u201d, explicou Glauber.<\/p>\n\n\n\n<p>Tamb\u00e9m participaram da reuni\u00e3o, os prefeitos de Alian\u00e7a do Tocantins, Elves Moreira; Chapada da Natividade, \u00c9lio Dion\u00edzio; F\u00e1tima, Jos\u00e9 Ant\u00f4nio Andrade; Formoso do Araguaia, Heno Rodrigues; Juarina, Manoel Ferreira; Palmeirante, Raimundo Brand\u00e3o; Paran\u00e3, F\u00e1bio Moreira.<\/p>\n","protected":false},"excerpt":{"rendered":"<p>Onze prefeitos oriundos de v\u00e1rias regi\u00f5es do Tocantins foram mais uma vez recebidos nesta quarta-feira, 10, no Pal\u00e1cio Araguaia, para um encontro com o governador do Estado, Mauro Carlesse. Em reuni\u00e3o individual, o Chefe do Executivo tocantinense ouviu as demandas de cada um dos gestores e assegurou o apoio do Governo em a\u00e7\u00f5es diretas nos [&hellip;]<\/p>\n","protected":false},"author":2,"featured_media":7537,"comment_status":"open","ping_status":"open","sticky":false,"template":"","format":"standard","meta":[],"categories":[4],"tags":[13],"_links":{"self":[{"href":"https:\/\/dgospel.com.br\/portal\/index.php\/wp-json\/wp\/v2\/posts\/7536"}],"collection":[{"href":"https:\/\/dgospel.com.br\/portal\/index.php\/wp-json\/wp\/v2\/posts"}],"about":[{"href":"https:\/\/dgospel.com.br\/portal\/index.php\/wp-json\/wp\/v2\/types\/post"}],"author":[{"embeddable":true,"href":"https:\/\/dgospel.com.br\/portal\/index.php\/wp-json\/wp\/v2\/users\/2"}],"replies":[{"embeddable":true,"href":"https:\/\/dgospel.com.br\/portal\/index.php\/wp-json\/wp\/v2\/comments?post=7536"}],"version-history":[{"count":1,"href":"https:\/\/dgospel.com.br\/portal\/index.php\/wp-json\/wp\/v2\/posts\/7536\/revisions"}],"predecessor-version":[{"id":7538,"href":"https:\/\/dgospel.com.br\/portal\/index.php\/wp-json\/wp\/v2\/posts\/7536\/revisions\/7538"}],"wp:featuredmedia":[{"embeddable":true,"href":"https:\/\/dgospel.com.br\/portal\/index.php\/wp-json\/wp\/v2\/media\/7537"}],"wp:attachment":[{"href":"https:\/\/dgospel.com.br\/portal\/index.php\/wp-json\/wp\/v2\/media?parent=7536"}],"wp:term":[{"taxonomy":"category","embeddable":true,"href":"https:\/\/dgospel.com.br\/portal\/index.php\/wp-json\/wp\/v2\/categories?post=7536"},{"taxonomy":"post_tag","embeddable":true,"href":"https:\/\/dgospel.com.br\/portal\/index.php\/wp-json\/wp\/v2\/tags?post=7536"}],"curies":[{"name":"wp","href":"https:\/\/api.w.org\/{rel}","templated":true}]}}