{"id":7539,"date":"2021-02-11T11:29:31","date_gmt":"2021-02-11T14:29:31","guid":{"rendered":"http:\/\/dgospel.com.br\/portal\/?p=7539"},"modified":"2021-02-11T11:29:33","modified_gmt":"2021-02-11T14:29:33","slug":"lira-elogia-governo-e-congresso-apos-aprovacao-de-pauta-do-bc","status":"publish","type":"post","link":"https:\/\/dgospel.com.br\/portal\/index.php\/2021\/02\/11\/lira-elogia-governo-e-congresso-apos-aprovacao-de-pauta-do-bc\/","title":{"rendered":"Lira elogia governo e Congresso ap\u00f3s aprova\u00e7\u00e3o de pauta do BC"},"content":{"rendered":"\n<p> O presidente da C\u00e2mara dos Deputados,\u00a0<a rel=\"noreferrer noopener\" href=\"https:\/\/pleno.news\/tag\/arthur-lira\" target=\"_blank\">Arthur Lira<\/a>\u00a0(PP-AL), elogiou a parceria e a postura dos poderes Executivo e Legislativo para a aprova\u00e7\u00e3o do projeto de autonomia do\u00a0<a rel=\"noreferrer noopener\" href=\"https:\/\/pleno.news\/tag\/banco-central\" target=\"_blank\">Banco Central<\/a>. Em uma publica\u00e7\u00e3o feita em sua conta no Twitter, Lira disse que a elei\u00e7\u00e3o das novas mesas do Congresso contribuiu para que a medida finalmente fosse votada. <\/p>\n\n\n\n<p> \u2013 Muito se especulou que a elei\u00e7\u00e3o das novas mesas do Congresso significariam o triunfo da \u201cpoliticagem\u201d, em sua pior acep\u00e7\u00e3o. A realidade est\u00e1 mostrando o contr\u00e1rio. A aprova\u00e7\u00e3o da independ\u00eancia do Banco Central representa justamente a blindagem da institui\u00e7\u00e3o de quaisquer inger\u00eancias pol\u00edticas, uma conquista hist\u00f3rica do pa\u00eds, longamente acalentada e finalmente alcan\u00e7ada \u2013 escreveu Lira. <\/p>\n\n\n\n<p>Na postagem, o parlamentar tamb\u00e9m destacou que o entendimento entre os poderes demonstra o potencial para avan\u00e7ar em pautas de interesse nacional. Por fim, Lira disse que a parceria pode ajudar o pa\u00eds a superar dificuldades e a retomar o rumo da prosperidade.<\/p>\n\n\n\n<p>\u2013 [A aprova\u00e7\u00e3o da autonomia do BC] \u00e9 fruto de uma postura republicana de desprendimento do Executivo e de engajamento do Legislativo, emitindo um sinal claro para o mundo de que o Brasil est\u00e1 avan\u00e7ando em sua governan\u00e7a e previsibilidade. O trabalho conjunto em torno de pautas centradas nos mais elevados interesses nacionais \u00e9 a melhor resposta que as institui\u00e7\u00f5es podem dar para que o pa\u00eds supere suas dificuldades e recupere sua prosperidade para o nosso povo \u2013 completou.<\/p>\n\n\n\n<p>O texto-base da autonomia do Banco Central foi aprovado no plen\u00e1rio da C\u00e2mara dos Deputados no fim da tarde de quarta-feira (10), por 339 votos a favor e 114 votos contr\u00e1rios, com uma absten\u00e7\u00e3o.<\/p>\n\n\n\n<p>O projeto estabelece mandatos fixos e n\u00e3o coincidentes para os dirigentes da institui\u00e7\u00e3o. Al\u00e9m disso, determina que o BC tenha como objetivos, al\u00e9m do controle da infla\u00e7\u00e3o e a estabilidade do sistema financeiro, a suaviza\u00e7\u00e3o dos ciclos de atividade e o pleno emprego. <\/p>\n","protected":false},"excerpt":{"rendered":"<p>O presidente da C\u00e2mara dos Deputados,\u00a0Arthur Lira\u00a0(PP-AL), elogiou a parceria e a postura dos poderes Executivo e Legislativo para a aprova\u00e7\u00e3o do projeto de autonomia do\u00a0Banco Central. Em uma publica\u00e7\u00e3o feita em sua conta no Twitter, Lira disse que a elei\u00e7\u00e3o das novas mesas do Congresso contribuiu para que a medida finalmente fosse votada. \u2013 [&hellip;]<\/p>\n","protected":false},"author":2,"featured_media":7540,"comment_status":"open","ping_status":"open","sticky":false,"template":"","format":"standard","meta":[],"categories":[4],"tags":[13,14],"_links":{"self":[{"href":"https:\/\/dgospel.com.br\/portal\/index.php\/wp-json\/wp\/v2\/posts\/7539"}],"collection":[{"href":"https:\/\/dgospel.com.br\/portal\/index.php\/wp-json\/wp\/v2\/posts"}],"about":[{"href":"https:\/\/dgospel.com.br\/portal\/index.php\/wp-json\/wp\/v2\/types\/post"}],"author":[{"embeddable":true,"href":"https:\/\/dgospel.com.br\/portal\/index.php\/wp-json\/wp\/v2\/users\/2"}],"replies":[{"embeddable":true,"href":"https:\/\/dgospel.com.br\/portal\/index.php\/wp-json\/wp\/v2\/comments?post=7539"}],"version-history":[{"count":1,"href":"https:\/\/dgospel.com.br\/portal\/index.php\/wp-json\/wp\/v2\/posts\/7539\/revisions"}],"predecessor-version":[{"id":7541,"href":"https:\/\/dgospel.com.br\/portal\/index.php\/wp-json\/wp\/v2\/posts\/7539\/revisions\/7541"}],"wp:featuredmedia":[{"embeddable":true,"href":"https:\/\/dgospel.com.br\/portal\/index.php\/wp-json\/wp\/v2\/media\/7540"}],"wp:attachment":[{"href":"https:\/\/dgospel.com.br\/portal\/index.php\/wp-json\/wp\/v2\/media?parent=7539"}],"wp:term":[{"taxonomy":"category","embeddable":true,"href":"https:\/\/dgospel.com.br\/portal\/index.php\/wp-json\/wp\/v2\/categories?post=7539"},{"taxonomy":"post_tag","embeddable":true,"href":"https:\/\/dgospel.com.br\/portal\/index.php\/wp-json\/wp\/v2\/tags?post=7539"}],"curies":[{"name":"wp","href":"https:\/\/api.w.org\/{rel}","templated":true}]}}