{"id":7554,"date":"2021-02-11T12:12:13","date_gmt":"2021-02-11T15:12:13","guid":{"rendered":"http:\/\/dgospel.com.br\/portal\/?p=7554"},"modified":"2021-02-11T12:12:15","modified_gmt":"2021-02-11T15:12:15","slug":"pastor-jose-wellington-recebe-visita-da-ministra-damares-e-ministro-andre-mendonca","status":"publish","type":"post","link":"https:\/\/dgospel.com.br\/portal\/index.php\/2021\/02\/11\/pastor-jose-wellington-recebe-visita-da-ministra-damares-e-ministro-andre-mendonca\/","title":{"rendered":"Pastor Jos\u00e9 Wellington recebe visita da Ministra Damares e Ministro Andr\u00e9 Mendon\u00e7a"},"content":{"rendered":"\n<p>Na tarde deste domingo (07) a Ministra da Mulher, da Fam\u00edlia e dos Direitos Humanos, Damares Alves,&nbsp;e o Ministro da Justi\u00e7a,&nbsp; Andr\u00e9 Mendon\u00e7a, visitaram o pastor Jos\u00e9 Wellington, presidente de honra da&nbsp;<em>Conven\u00e7\u00e3o Geral das&nbsp; Assembleias de Deus &#8211; CGADB<\/em>, em S\u00e3o Paulo.<\/p>\n\n\n\n<p>Tamb\u00e9m participaram deste encontro, as parlamentares de S\u00e3o Paulo vereadora Rute Costa, e deputada estadual Marta Costa,&nbsp;que s\u00e3o filhas do pastor Jos\u00e9 Wellington, o&nbsp;neto, que \u00e9 desembargador e alguns pastores juristas.<\/p>\n\n\n\n<p>Nas redes sociais, Damares declarou seu carinho \u00e0s igrejas da Conven\u00e7\u00e3o, que atualmente conta com mais de 35 milh\u00f5es de membros, e registrou sua admira\u00e7\u00e3o pelo&nbsp; trabaho do pastor Jos\u00e9 Wellington.<\/p>\n\n\n\n<p>&#8220;Amo as Igrejas Assembl\u00e9ia de Deus. Meu respeito e admira\u00e7\u00e3o pelo grande l\u00edder Pastor Jos\u00e9 Wellington&#8221;, escreveu a ministra.<\/p>\n\n\n\n<figure class=\"wp-block-image\"><img src=\"http:\/\/arquivos.editoracpad.com.br\/uploads\/2021\/02\/09\/damares.jpg\" alt=\"\"\/><\/figure>\n\n\n\n<figure class=\"wp-block-image\"><img src=\"http:\/\/arquivos.editoracpad.com.br\/uploads\/2021\/02\/09\/ministro.jpg\" alt=\"\"\/><\/figure>\n\n\n\n<p>Fonte:<em> CPAD News.<\/em><\/p>\n","protected":false},"excerpt":{"rendered":"<p>Na tarde deste domingo (07) a Ministra da Mulher, da Fam\u00edlia e dos Direitos Humanos, Damares Alves,&nbsp;e o Ministro da Justi\u00e7a,&nbsp; Andr\u00e9 Mendon\u00e7a, visitaram o pastor Jos\u00e9 Wellington, presidente de honra da&nbsp;Conven\u00e7\u00e3o Geral das&nbsp; Assembleias de Deus &#8211; CGADB, em S\u00e3o Paulo. Tamb\u00e9m participaram deste encontro, as parlamentares de S\u00e3o Paulo vereadora Rute Costa, e [&hellip;]<\/p>\n","protected":false},"author":2,"featured_media":7555,"comment_status":"open","ping_status":"open","sticky":false,"template":"","format":"standard","meta":[],"categories":[5],"tags":[],"_links":{"self":[{"href":"https:\/\/dgospel.com.br\/portal\/index.php\/wp-json\/wp\/v2\/posts\/7554"}],"collection":[{"href":"https:\/\/dgospel.com.br\/portal\/index.php\/wp-json\/wp\/v2\/posts"}],"about":[{"href":"https:\/\/dgospel.com.br\/portal\/index.php\/wp-json\/wp\/v2\/types\/post"}],"author":[{"embeddable":true,"href":"https:\/\/dgospel.com.br\/portal\/index.php\/wp-json\/wp\/v2\/users\/2"}],"replies":[{"embeddable":true,"href":"https:\/\/dgospel.com.br\/portal\/index.php\/wp-json\/wp\/v2\/comments?post=7554"}],"version-history":[{"count":1,"href":"https:\/\/dgospel.com.br\/portal\/index.php\/wp-json\/wp\/v2\/posts\/7554\/revisions"}],"predecessor-version":[{"id":7556,"href":"https:\/\/dgospel.com.br\/portal\/index.php\/wp-json\/wp\/v2\/posts\/7554\/revisions\/7556"}],"wp:featuredmedia":[{"embeddable":true,"href":"https:\/\/dgospel.com.br\/portal\/index.php\/wp-json\/wp\/v2\/media\/7555"}],"wp:attachment":[{"href":"https:\/\/dgospel.com.br\/portal\/index.php\/wp-json\/wp\/v2\/media?parent=7554"}],"wp:term":[{"taxonomy":"category","embeddable":true,"href":"https:\/\/dgospel.com.br\/portal\/index.php\/wp-json\/wp\/v2\/categories?post=7554"},{"taxonomy":"post_tag","embeddable":true,"href":"https:\/\/dgospel.com.br\/portal\/index.php\/wp-json\/wp\/v2\/tags?post=7554"}],"curies":[{"name":"wp","href":"https:\/\/api.w.org\/{rel}","templated":true}]}}