{"id":7569,"date":"2021-02-12T10:14:41","date_gmt":"2021-02-12T13:14:41","guid":{"rendered":"http:\/\/dgospel.com.br\/portal\/?p=7569"},"modified":"2021-02-12T10:14:42","modified_gmt":"2021-02-12T13:14:42","slug":"bolsonaro-defende-o-auxilio-faremos-com-responsabilidade","status":"publish","type":"post","link":"https:\/\/dgospel.com.br\/portal\/index.php\/2021\/02\/12\/bolsonaro-defende-o-auxilio-faremos-com-responsabilidade\/","title":{"rendered":"Bolsonaro defende o aux\u00edlio: \u201cFaremos com responsabilidade\u201d"},"content":{"rendered":"\n<p>O presidente Jair Bolsonaro comentou, em sua tradicional live pelas redes sociais nesta quinta-feira (11), que a GM planeja investir R$ 10 bilh\u00f5es no Brasil. De acordo com a ele, a medida representa um sinal da confian\u00e7a no pa\u00eds. Bolsonaro tamb\u00e9m falou sobre a import\u00e2ncia do aux\u00edlio emergencial para a popula\u00e7\u00e3o e mandou um recado ao mercado dizendo que seu governo pretende adotar a medida com responsabilidade.<\/p>\n\n\n\n<p>\u2013 A GM vai investir R$ 10 bilh\u00f5es no Brasil, em S\u00e3o Jos\u00e9 dos Campos e S\u00e3o Caetano do Sul [ambos em S\u00e3o Paulo]. Isso \u00e9 sinal de confian\u00e7a aqui no Brasil. \u00c9 sinal de que estamos fazendo a coisa certa com responsabilidade \u2013 explicou.<\/p>\n\n\n\n<p>Ap\u00f3s falar sobre os investimentos, Bolsonaro defendeu o retorno do aux\u00edlio emergencial e criticou o comportamento do mercado financeiro ao tratar do tema.<\/p>\n\n\n\n<p>\u2013 N\u00e3o pode, quando se falar em discutir por mais alguns meses a prorroga\u00e7\u00e3o do aux\u00edlio emergencial, o mercado ficar se comportando dessa forma. \u201cVamos dar um sinal para eles que n\u00e3o queremos isso\u201d. Pessoal, voc\u00ea sabe o que \u00e9 passar fome? \u2013 ressaltou.<\/p>\n\n\n\n<p>Ele ent\u00e3o lembro que o benef\u00edcio \u00e9 emergencial e que n\u00e3o ir\u00e1 durar para sempre.<\/p>\n\n\n\n<p>\u2013 N\u00f3s sabemos, falando em aux\u00edlio emergencial, que \u00e9 endividamento. Sabemos disso. E vamos fazer as coisas com responsabilidade. Est\u00e1 a C\u00e2mara, o Senado. A grande maioria trabalhando nesse sentido. Buscando uma maneira de atender, nesse momento dif\u00edcil que o nosso povo ainda se encontra, com uma medida emergencial. Emergencial. N\u00e3o \u00e9 vital\u00edcia \u2013 apontou.<\/p>\n\n\n\n<p>Por fim, Bolsonaro lembrou que sem o benef\u00edcio e com as medidas de isolamento, o pa\u00eds pode ficar pior.<\/p>\n\n\n\n<p>\u2013 Porque se os problemas se agravarem, com essa pol\u00edtica de fica em casa (\u2026) Se o Brasil nada produzir e come\u00e7ar a\u00ed a ter dificuldades, o que pode acontecer no Brasil? D\u00e1 para imaginar? (\u2026) N\u00e3o tem a hist\u00f3ria de \u201co presidente perde\u201d, como alguns idiotas acham a\u00ed. \u201cA, o impeachment\u201d. Quer botar quem no meu lugar? Me aponte quem \u00e9 e manda ele se apresentar para ele ver o que ele faria [diferente] do que n\u00f3s fizemos ou estamos fazendo at\u00e9 o momento \u2013 concluiu.<\/p>\n\n\n\n<figure class=\"wp-block-embed-youtube wp-block-embed is-type-video is-provider-youtube wp-embed-aspect-16-9 wp-has-aspect-ratio\"><div class=\"wp-block-embed__wrapper\">\n<iframe loading=\"lazy\" title=\"Live da Semana - PRESIDENTE JAIR BOLSONARO (11\/02\/2021)\" width=\"630\" height=\"354\" src=\"https:\/\/www.youtube.com\/embed\/YCliiy_yl9Y?feature=oembed\" frameborder=\"0\" allow=\"accelerometer; autoplay; clipboard-write; encrypted-media; gyroscope; picture-in-picture\" allowfullscreen><\/iframe>\n<\/div><\/figure>\n","protected":false},"excerpt":{"rendered":"<p>O presidente Jair Bolsonaro comentou, em sua tradicional live pelas redes sociais nesta quinta-feira (11), que a GM planeja investir R$ 10 bilh\u00f5es no Brasil. De acordo com a ele, a medida representa um sinal da confian\u00e7a no pa\u00eds. Bolsonaro tamb\u00e9m falou sobre a import\u00e2ncia do aux\u00edlio emergencial para a popula\u00e7\u00e3o e mandou um recado [&hellip;]<\/p>\n","protected":false},"author":2,"featured_media":7570,"comment_status":"open","ping_status":"open","sticky":false,"template":"","format":"standard","meta":[],"categories":[4],"tags":[14],"_links":{"self":[{"href":"https:\/\/dgospel.com.br\/portal\/index.php\/wp-json\/wp\/v2\/posts\/7569"}],"collection":[{"href":"https:\/\/dgospel.com.br\/portal\/index.php\/wp-json\/wp\/v2\/posts"}],"about":[{"href":"https:\/\/dgospel.com.br\/portal\/index.php\/wp-json\/wp\/v2\/types\/post"}],"author":[{"embeddable":true,"href":"https:\/\/dgospel.com.br\/portal\/index.php\/wp-json\/wp\/v2\/users\/2"}],"replies":[{"embeddable":true,"href":"https:\/\/dgospel.com.br\/portal\/index.php\/wp-json\/wp\/v2\/comments?post=7569"}],"version-history":[{"count":1,"href":"https:\/\/dgospel.com.br\/portal\/index.php\/wp-json\/wp\/v2\/posts\/7569\/revisions"}],"predecessor-version":[{"id":7571,"href":"https:\/\/dgospel.com.br\/portal\/index.php\/wp-json\/wp\/v2\/posts\/7569\/revisions\/7571"}],"wp:featuredmedia":[{"embeddable":true,"href":"https:\/\/dgospel.com.br\/portal\/index.php\/wp-json\/wp\/v2\/media\/7570"}],"wp:attachment":[{"href":"https:\/\/dgospel.com.br\/portal\/index.php\/wp-json\/wp\/v2\/media?parent=7569"}],"wp:term":[{"taxonomy":"category","embeddable":true,"href":"https:\/\/dgospel.com.br\/portal\/index.php\/wp-json\/wp\/v2\/categories?post=7569"},{"taxonomy":"post_tag","embeddable":true,"href":"https:\/\/dgospel.com.br\/portal\/index.php\/wp-json\/wp\/v2\/tags?post=7569"}],"curies":[{"name":"wp","href":"https:\/\/api.w.org\/{rel}","templated":true}]}}