{"id":7579,"date":"2021-02-12T11:29:45","date_gmt":"2021-02-12T14:29:45","guid":{"rendered":"http:\/\/dgospel.com.br\/portal\/?p=7579"},"modified":"2021-02-12T11:29:47","modified_gmt":"2021-02-12T14:29:47","slug":"governador-do-mt-recebe-comitiva-da-cgadb","status":"publish","type":"post","link":"https:\/\/dgospel.com.br\/portal\/index.php\/2021\/02\/12\/governador-do-mt-recebe-comitiva-da-cgadb\/","title":{"rendered":"Governador do MT recebe comitiva da CGADB"},"content":{"rendered":"\n<p>Na tarde de ter\u00e7a-feira 09 de fevereiro de 2021, o Governador do Estado de Mato Grosso, Sr. Mauro Mendes recebeu em seu gabinete no Pal\u00e1cio Paiagu\u00e1s na cidade de Cuiab\u00e1, uma comitiva enviada pelo presidente da Conven\u00e7\u00e3o Geral das Assembleias de Deus no Brasil (CGADB), pastor Jos\u00e9 Wellington Costa J\u00fanior.<\/p>\n\n\n\n<p>Liderados pelo pastor Silas Paulo de Souza, presidente da AD cuiabana, a equipe estava composta pelos pastores Alexandre J\u00fanior, secret\u00e1rio-adjunto; Joab dos Santos, rela\u00e7\u00f5es p\u00fablicas e Wagner Almeida, CPAD; acrescida dos pastores Gutemberg Brito e Jackson Messias, secret\u00e1rio do meio ambiente na cidade. Juntos estes pastores est\u00e3o encarregados de organizar a 45\u00aa Assembleia Geral Ordin\u00e1ria da CGADB, que se dar\u00e1 em Cuiab\u00e1 de 19 a 23 de abril de 2021.<\/p>\n\n\n\n<p>O motivo da visita foi a formaliza\u00e7\u00e3o do convite para que o Governador participe do encontro da lideran\u00e7a Assembleiana, que permitindo Deus ser\u00e1 realizada seguindo todos os protocolos sanit\u00e1rios para preserva\u00e7\u00e3o da sa\u00fade e bem-estar dos participantes, em virtude do per\u00edodo de pandemia.&nbsp;<\/p>\n\n\n\n<p>Na ocasi\u00e3o participou do encontro o deputado estadual, Thiago Silva (MDB), que \u00e9 membro da denomina\u00e7\u00e3o. Tanto o Governador como o Deputado colocaram toda estrutura de seus gabinetes a disposi\u00e7\u00e3o da Conven\u00e7\u00e3o Geral para qualquer necessidade provenientes da organiza\u00e7\u00e3o do evento que dever\u00e1 reunir a lideran\u00e7a das Assembleias de Deus no Brasil.<\/p>\n\n\n\n<figure class=\"wp-block-image\"><img src=\"http:\/\/arquivos.editoracpad.com.br\/uploads\/2021\/02\/11\/cgadb1.jpg\" alt=\"\"\/><\/figure>\n","protected":false},"excerpt":{"rendered":"<p>Na tarde de ter\u00e7a-feira 09 de fevereiro de 2021, o Governador do Estado de Mato Grosso, Sr. Mauro Mendes recebeu em seu gabinete no Pal\u00e1cio Paiagu\u00e1s na cidade de Cuiab\u00e1, uma comitiva enviada pelo presidente da Conven\u00e7\u00e3o Geral das Assembleias de Deus no Brasil (CGADB), pastor Jos\u00e9 Wellington Costa J\u00fanior. Liderados pelo pastor Silas Paulo [&hellip;]<\/p>\n","protected":false},"author":2,"featured_media":7580,"comment_status":"open","ping_status":"open","sticky":false,"template":"","format":"standard","meta":[],"categories":[17,5],"tags":[13],"_links":{"self":[{"href":"https:\/\/dgospel.com.br\/portal\/index.php\/wp-json\/wp\/v2\/posts\/7579"}],"collection":[{"href":"https:\/\/dgospel.com.br\/portal\/index.php\/wp-json\/wp\/v2\/posts"}],"about":[{"href":"https:\/\/dgospel.com.br\/portal\/index.php\/wp-json\/wp\/v2\/types\/post"}],"author":[{"embeddable":true,"href":"https:\/\/dgospel.com.br\/portal\/index.php\/wp-json\/wp\/v2\/users\/2"}],"replies":[{"embeddable":true,"href":"https:\/\/dgospel.com.br\/portal\/index.php\/wp-json\/wp\/v2\/comments?post=7579"}],"version-history":[{"count":1,"href":"https:\/\/dgospel.com.br\/portal\/index.php\/wp-json\/wp\/v2\/posts\/7579\/revisions"}],"predecessor-version":[{"id":7581,"href":"https:\/\/dgospel.com.br\/portal\/index.php\/wp-json\/wp\/v2\/posts\/7579\/revisions\/7581"}],"wp:featuredmedia":[{"embeddable":true,"href":"https:\/\/dgospel.com.br\/portal\/index.php\/wp-json\/wp\/v2\/media\/7580"}],"wp:attachment":[{"href":"https:\/\/dgospel.com.br\/portal\/index.php\/wp-json\/wp\/v2\/media?parent=7579"}],"wp:term":[{"taxonomy":"category","embeddable":true,"href":"https:\/\/dgospel.com.br\/portal\/index.php\/wp-json\/wp\/v2\/categories?post=7579"},{"taxonomy":"post_tag","embeddable":true,"href":"https:\/\/dgospel.com.br\/portal\/index.php\/wp-json\/wp\/v2\/tags?post=7579"}],"curies":[{"name":"wp","href":"https:\/\/api.w.org\/{rel}","templated":true}]}}