{"id":7585,"date":"2021-02-13T09:20:58","date_gmt":"2021-02-13T12:20:58","guid":{"rendered":"http:\/\/dgospel.com.br\/portal\/?p=7585"},"modified":"2021-02-13T09:21:00","modified_gmt":"2021-02-13T12:21:00","slug":"palmas-vacina-1-687-idosos-durante-dois-dias-de-drive-trhu","status":"publish","type":"post","link":"https:\/\/dgospel.com.br\/portal\/index.php\/2021\/02\/13\/palmas-vacina-1-687-idosos-durante-dois-dias-de-drive-trhu\/","title":{"rendered":"Palmas vacina 1.687 idosos durante dois dias de drive-trhu"},"content":{"rendered":"\n<p>Em apenas dois dias, a Prefeitura de Palmas, por meio da Secretaria Municipal da Sa\u00fade (Semus), vacinou 77,77% do p\u00fablico estimado de idosos com mais de 80 anos, que \u00e9 de 2.169 pessoas. Utilizando-se do sistema&nbsp;<em>drive-thru<\/em>, montado nos estacionamentos do Espa\u00e7o Cultural Jos\u00e9 Gomes Sobrinho e no Gin\u00e1sio Ayrton Senna, 1.687 idosos receberam a primeira dose da vacina contra o novo coronav\u00edrus, sendo 1.185 na quinta, 11, e 502 nesta sexta, 12.<\/p>\n\n\n\n<p>&#8220;O sistema&nbsp;<em>drive-thru<\/em>&nbsp;foi montado para atingir um maior volume de pessoas, e ele se revelou bem favor\u00e1vel, tanto que superamos a expectativa de vacina\u00e7\u00e3o. Mas quem n\u00e3o pode ir aos locais iniciais de vacina\u00e7\u00e3o poder\u00e3o procurar nossas unidades de sa\u00fade a partir da pr\u00f3xima segunda-feira, pois estando dentro dos crit\u00e9rios estabelecidos pelo Minist\u00e9rio da Sa\u00fade, ser\u00e3o prontamente atendidos&#8221;, enfatizou a secretaria da Sa\u00fade, Val\u00e9ria Paranagu\u00e1.<\/p>\n\n\n\n<p>A Semus lembra que a segunda dose da vacina ser\u00e1 administrada em um intervalo entre 21 e 28 dias, prazo recomendado entre as aplica\u00e7\u00f5es.<\/p>\n\n\n\n<p>A aplica\u00e7\u00e3o continuar\u00e1 na pr\u00f3xima segunda-feira, 15, nas 32 salas de vacinas da Capital, ao p\u00fablico que n\u00e3o p\u00f4de se vacinar durante a a\u00e7\u00e3o. Para receber a primeira dose, o idoso deve comparecer na Unidade de Sa\u00fade da Fam\u00edlia (USF) de refer\u00eancia, portando documento de identifica\u00e7\u00e3o, cart\u00e3o de vacina e cart\u00e3o do Sistema \u00danico de Sa\u00fade (SUS), das 7 \u00e0s 17 horas.<\/p>\n\n\n\n<p>Idosos acamados e com mobilidade reduzida ser\u00e3o vacinados em suas casas. Os agentes de sa\u00fade entrar\u00e3o em contato com o p\u00fablico. Em caso de d\u00favida, a popula\u00e7\u00e3o tamb\u00e9m pode entrar em contato com a USF de refer\u00eancia.<\/p>\n","protected":false},"excerpt":{"rendered":"<p>Em apenas dois dias, a Prefeitura de Palmas, por meio da Secretaria Municipal da Sa\u00fade (Semus), vacinou 77,77% do p\u00fablico estimado de idosos com mais de 80 anos, que \u00e9 de 2.169 pessoas. Utilizando-se do sistema&nbsp;drive-thru, montado nos estacionamentos do Espa\u00e7o Cultural Jos\u00e9 Gomes Sobrinho e no Gin\u00e1sio Ayrton Senna, 1.687 idosos receberam a primeira [&hellip;]<\/p>\n","protected":false},"author":2,"featured_media":7586,"comment_status":"open","ping_status":"open","sticky":false,"template":"","format":"standard","meta":[],"categories":[3],"tags":[],"_links":{"self":[{"href":"https:\/\/dgospel.com.br\/portal\/index.php\/wp-json\/wp\/v2\/posts\/7585"}],"collection":[{"href":"https:\/\/dgospel.com.br\/portal\/index.php\/wp-json\/wp\/v2\/posts"}],"about":[{"href":"https:\/\/dgospel.com.br\/portal\/index.php\/wp-json\/wp\/v2\/types\/post"}],"author":[{"embeddable":true,"href":"https:\/\/dgospel.com.br\/portal\/index.php\/wp-json\/wp\/v2\/users\/2"}],"replies":[{"embeddable":true,"href":"https:\/\/dgospel.com.br\/portal\/index.php\/wp-json\/wp\/v2\/comments?post=7585"}],"version-history":[{"count":1,"href":"https:\/\/dgospel.com.br\/portal\/index.php\/wp-json\/wp\/v2\/posts\/7585\/revisions"}],"predecessor-version":[{"id":7587,"href":"https:\/\/dgospel.com.br\/portal\/index.php\/wp-json\/wp\/v2\/posts\/7585\/revisions\/7587"}],"wp:featuredmedia":[{"embeddable":true,"href":"https:\/\/dgospel.com.br\/portal\/index.php\/wp-json\/wp\/v2\/media\/7586"}],"wp:attachment":[{"href":"https:\/\/dgospel.com.br\/portal\/index.php\/wp-json\/wp\/v2\/media?parent=7585"}],"wp:term":[{"taxonomy":"category","embeddable":true,"href":"https:\/\/dgospel.com.br\/portal\/index.php\/wp-json\/wp\/v2\/categories?post=7585"},{"taxonomy":"post_tag","embeddable":true,"href":"https:\/\/dgospel.com.br\/portal\/index.php\/wp-json\/wp\/v2\/tags?post=7585"}],"curies":[{"name":"wp","href":"https:\/\/api.w.org\/{rel}","templated":true}]}}