{"id":7588,"date":"2021-02-13T09:23:08","date_gmt":"2021-02-13T12:23:08","guid":{"rendered":"http:\/\/dgospel.com.br\/portal\/?p=7588"},"modified":"2021-02-13T09:23:10","modified_gmt":"2021-02-13T12:23:10","slug":"receita-primaria-de-palmas-para-o-exercicio-2021-e-de-r-11-bilhao","status":"publish","type":"post","link":"https:\/\/dgospel.com.br\/portal\/index.php\/2021\/02\/13\/receita-primaria-de-palmas-para-o-exercicio-2021-e-de-r-11-bilhao\/","title":{"rendered":"Receita prim\u00e1ria de Palmas para o exerc\u00edcio 2021 \u00e9 de R$ 1,1 bilh\u00e3o"},"content":{"rendered":"\n<p>A programa\u00e7\u00e3o or\u00e7ament\u00e1ria e financeira do munic\u00edpio de Palmas para o ano de 2021 prev\u00ea receita prim\u00e1ria de R$ 1,1 bilh\u00e3o, correspondente \u00e0s receitas tribut\u00e1rias advindas de impostos, taxas e contribui\u00e7\u00f5es, Fundo de Participa\u00e7\u00e3o dos Munic\u00edpios (FPM), ICMS, Fundeb, SUS e outros. O Decreto n\u00ba 1.992\/2021, assinado pela prefeita Cinthia Ribeiro, que trata do assunto, foi publicado na edi\u00e7\u00e3o desta sexta-feira, 12, do<a rel=\"noreferrer noopener\" target=\"_blank\" href=\"http:\/\/diariooficial.palmas.to.gov.br\/media\/diario\/2676-12-2-2021-21-6-8.pdf\">&nbsp;Di\u00e1rio Oficial do Munic\u00edpio<\/a>. O or\u00e7amento total aprovado pela C\u00e2mara Municipal, que considera a soma da receita prim\u00e1ria com as receitas intraor\u00e7ament\u00e1rias e financeiras, \u00e9 de R$ 1,5 bilh\u00e3o.<\/p>\n\n\n\n<p>&#8220;O or\u00e7amento de 2021 reflete o esfor\u00e7o da nossa gest\u00e3o em manter a economia aquecida, gerando dessa forma receitas para o Munic\u00edpio, o exerc\u00edcio da justi\u00e7a fiscal, a distribui\u00e7\u00e3o respons\u00e1vel dos recursos a serem investidos ao longo do ano, mesmo em um ambiente adverso causado pela pandemia do novo coronav\u00edrus&#8221;, explica Cinthia Ribeiro.<\/p>\n\n\n\n<p>O decreto detalha a programa\u00e7\u00e3o or\u00e7ament\u00e1ria e financeira, que compreende o disciplinamento da execu\u00e7\u00e3o da despesa diante do prov\u00e1vel fluxo de recursos arrecadados, e tem por objetivo a obten\u00e7\u00e3o do resultado prim\u00e1rio estabelecido na Lei n\u00ba 2.584, que trata das diretrizes or\u00e7ament\u00e1rias para o exerc\u00edcio 2021. Traz tamb\u00e9m o cronograma mensal de desembolso dos \u00f3rg\u00e3os, fundos e entidades do Poder Executivo Municipal, obedecendo \u00e0s normas de contabilidade p\u00fablica e de administra\u00e7\u00e3o financeira e or\u00e7ament\u00e1ria.<\/p>\n\n\n\n<p>Pastas<\/p>\n\n\n\n<p>A Secretaria Municipal de Infraestrutura e Servi\u00e7os P\u00fablicos (Seisp) tem o maior or\u00e7amento, R$ 241,5 milh\u00f5es, devido \u00e0s opera\u00e7\u00f5es de cr\u00e9dito contratadas junto ao banco CAF, Banco do Brasil e Caixa Econ\u00f4mica Federal, al\u00e9m de recursos das emendas parlamentares que ser\u00e3o executadas pela pasta.<\/p>\n\n\n\n<p>O or\u00e7amento da Sa\u00fade para 2021 soma R$ 33,9 milh\u00f5es, enquanto a Educa\u00e7\u00e3o ter\u00e1 R$ 18,5 milh\u00f5es, respeitado o teto constitucional em ambas as \u00e1reas.<\/p>\n\n\n\n<p>A Secretaria de Seguran\u00e7a e Mobilidade Urbana, que abrange os servi\u00e7os de Tr\u00e2nsito e Transporte, Guarda Metropolitana e Defesa Civil, conta com or\u00e7amento de R$ 22,8 milh\u00f5es.<\/p>\n\n\n\n<p>Vale ressaltar que a Lei de Diretrizes Or\u00e7ament\u00e1rias (LDO) aprovada pela C\u00e2mara Municipal em 31 de dezembro de 2020 \u00e9 uma previs\u00e3o, cabendo aos \u00f3rg\u00e3os e entidades do Poder Executivo solicitar altera\u00e7\u00f5es nas dota\u00e7\u00f5es or\u00e7ament\u00e1rias, bem como na programa\u00e7\u00e3o definida pelo Decreto 1.192\/2021, conforme as necessidades que surgirem, desde que respeitados os limites legais.<\/p>\n\n\n\n<p>Entenda<\/p>\n\n\n\n<p>Receitas e despesas intraor\u00e7ament\u00e1rias s\u00e3o aquelas derivadas das transa\u00e7\u00f5es entre \u00f3rg\u00e3os de um mesmo ente. Por exemplo, a contribui\u00e7\u00e3o previdenci\u00e1ria que a Prefeitura desconta do servidor e repassa para o PreviPalmas \u00e9 uma despesa intra para a Prefeitura e uma receita intra para o PreviPalmas.<\/p>\n\n\n\n<p>Receitas e despesas financeiras s\u00e3o aquelas que n\u00e3o derivam propriamente das compet\u00eancias constitucionais. Exemplo de receita financeira s\u00e3o as aplica\u00e7\u00f5es financeiras em a\u00e7\u00f5es, renda fixa ou vari\u00e1vel do PreviPalmas.<\/p>\n\n\n\n<p>Despesas financeiras s\u00e3o, em resumo, o pagamento dos financiamentos, com os juros, encargos, e amortiza\u00e7\u00e3o, e as concess\u00f5es dos empr\u00e9stimos do Banco do Povo.<\/p>\n\n\n\n<p>Os conv\u00eanios s\u00e3o receitas or\u00e7ament\u00e1rias, pois na ess\u00eancia s\u00e3o derivados das compet\u00eancias constitucionais do ente transferidor. J\u00e1 as opera\u00e7\u00f5es de cr\u00e9dito (financiamentos e empr\u00e9stimos) s\u00e3o receitas financeiras, pois n\u00e3o resultam da atividade tribut\u00e1ria (compet\u00eancia constitucional).<\/p>\n","protected":false},"excerpt":{"rendered":"<p>A programa\u00e7\u00e3o or\u00e7ament\u00e1ria e financeira do munic\u00edpio de Palmas para o ano de 2021 prev\u00ea receita prim\u00e1ria de R$ 1,1 bilh\u00e3o, correspondente \u00e0s receitas tribut\u00e1rias advindas de impostos, taxas e contribui\u00e7\u00f5es, Fundo de Participa\u00e7\u00e3o dos Munic\u00edpios (FPM), ICMS, Fundeb, SUS e outros. O Decreto n\u00ba 1.992\/2021, assinado pela prefeita Cinthia Ribeiro, que trata do assunto, [&hellip;]<\/p>\n","protected":false},"author":2,"featured_media":7589,"comment_status":"open","ping_status":"open","sticky":false,"template":"","format":"standard","meta":[],"categories":[3],"tags":[13],"_links":{"self":[{"href":"https:\/\/dgospel.com.br\/portal\/index.php\/wp-json\/wp\/v2\/posts\/7588"}],"collection":[{"href":"https:\/\/dgospel.com.br\/portal\/index.php\/wp-json\/wp\/v2\/posts"}],"about":[{"href":"https:\/\/dgospel.com.br\/portal\/index.php\/wp-json\/wp\/v2\/types\/post"}],"author":[{"embeddable":true,"href":"https:\/\/dgospel.com.br\/portal\/index.php\/wp-json\/wp\/v2\/users\/2"}],"replies":[{"embeddable":true,"href":"https:\/\/dgospel.com.br\/portal\/index.php\/wp-json\/wp\/v2\/comments?post=7588"}],"version-history":[{"count":1,"href":"https:\/\/dgospel.com.br\/portal\/index.php\/wp-json\/wp\/v2\/posts\/7588\/revisions"}],"predecessor-version":[{"id":7590,"href":"https:\/\/dgospel.com.br\/portal\/index.php\/wp-json\/wp\/v2\/posts\/7588\/revisions\/7590"}],"wp:featuredmedia":[{"embeddable":true,"href":"https:\/\/dgospel.com.br\/portal\/index.php\/wp-json\/wp\/v2\/media\/7589"}],"wp:attachment":[{"href":"https:\/\/dgospel.com.br\/portal\/index.php\/wp-json\/wp\/v2\/media?parent=7588"}],"wp:term":[{"taxonomy":"category","embeddable":true,"href":"https:\/\/dgospel.com.br\/portal\/index.php\/wp-json\/wp\/v2\/categories?post=7588"},{"taxonomy":"post_tag","embeddable":true,"href":"https:\/\/dgospel.com.br\/portal\/index.php\/wp-json\/wp\/v2\/tags?post=7588"}],"curies":[{"name":"wp","href":"https:\/\/api.w.org\/{rel}","templated":true}]}}