{"id":7595,"date":"2021-02-17T22:37:43","date_gmt":"2021-02-18T01:37:43","guid":{"rendered":"http:\/\/dgospel.com.br\/portal\/?p=7595"},"modified":"2021-02-17T22:37:45","modified_gmt":"2021-02-18T01:37:45","slug":"camara-municipal-de-palmas-elege-presidentes-e-vice-presidentes-das-comissoes-permanentes","status":"publish","type":"post","link":"https:\/\/dgospel.com.br\/portal\/index.php\/2021\/02\/17\/camara-municipal-de-palmas-elege-presidentes-e-vice-presidentes-das-comissoes-permanentes\/","title":{"rendered":"C\u00e2mara Municipal de Palmas  elege presidentes e vice-presidentes das Comiss\u00f5es Permanentes"},"content":{"rendered":"\n<figure class=\"wp-block-image\"><img src=\"https:\/\/www.palmas.to.leg.br\/imagens\/copy_of_Folha.JPG\/@@images\/5391d1ca-de3d-44e9-9c5f-76d7f30dfd38.jpeg\" alt=\"\"\/><\/figure>\n\n\n\n<p>Os vereadores da C\u00e2mara Municipal de Palmas elegeram na tarde desta quarta-feira, 17, os presidentes e vice-presidentes das Comiss\u00f5es Permanentes da Casa. A elei\u00e7\u00e3o foi nominal e secreta.<\/p>\n\n\n\n<p>Confira como ficou a composi\u00e7\u00e3o de cada Comiss\u00e3o:<\/p>\n\n\n\n<p><strong>Comiss\u00e3o de Constitui\u00e7\u00e3o, Justi\u00e7a e Reda\u00e7\u00e3o<\/strong><\/p>\n\n\n\n<p><strong>Presidente<\/strong>: Folha Filho (Patriota)<br><strong>Vice presidente:<\/strong>&nbsp;Eudes Assis (PSDB)<br>Membros: Iolanda Castro (PROS), Moisemar Marinho (PDT) e Daniel Nascimento (Republicanos)<br>Suplentes: Rog\u00e9rio Freitas (MDB), Solange Duailibe (PT), Joatan de Jesus (Cidadania), J\u00fanior Bras\u00e3o (PSB) e M\u00e1rcio Reis (PSL)<\/p>\n\n\n\n<figure class=\"wp-block-image\"><img src=\"https:\/\/www.palmas.to.leg.br\/imagens\/copy_of_Eudes.JPG\/@@images\/086f9649-63cd-4284-adcd-a861e65110b9.jpeg\" alt=\"\"\/><\/figure>\n\n\n\n<p><strong>Comiss\u00e3o de Finan\u00e7as, Tributa\u00e7\u00e3o, Fiscaliza\u00e7\u00e3o e Controle<\/strong><br><strong>Presidente<\/strong>: Eudes Assis<br><strong>Vice-presidente:<\/strong>&nbsp;Laudecy Coimbra (Solidariedade)<br>Membros: Solange Duailibe,&nbsp; M\u00e1rcio Reis e Moisemar Marinho<br>Suplentes: Waldson da Agesp (Avante), Rog\u00e9rio Freitas, Marilon Barbosa (DEM), Mauro Lacerda (PSB) e Daniel Nascimento<br><br><\/p>\n\n\n\n<figure class=\"wp-block-image\"><img src=\"https:\/\/www.palmas.to.leg.br\/imagens\/copy_of_Filipe.JPG\/@@images\/fd3393b9-b44e-46db-9d54-842b466edd31.jpeg\" alt=\"\"\/><\/figure>\n\n\n\n<p><strong>Comiss\u00e3o de Administra\u00e7\u00e3o P\u00fablica, Urbanismo e Infraestrutura Municipal<\/strong><br><strong>Presidente<\/strong>: Filipe Martins (PSDB)<br><strong>Vice-presidente:<\/strong>&nbsp;Waldson da Agesp<br>Membros: Joatan de Jesus , Mauro Lacerda e J\u00fanior Bras\u00e3o<br>Suplentes: Folha Filho, Pedro Cardoso, Jucelino Rodrigues, M\u00e1rcio Reis e Daniel Nascimento<\/p>\n\n\n\n<figure class=\"wp-block-image\"><img src=\"https:\/\/www.palmas.to.leg.br\/imagens\/Waldson.JPG\/@@images\/39322d77-4ea9-4c24-81dd-c1e57a61b155.jpeg\" alt=\"\"\/><\/figure>\n\n\n\n<p><strong>Comiss\u00e3o de Pol\u00edticas P\u00fablicas Sociais<\/strong><br><strong>Presidente:<\/strong>&nbsp;Waldson da Agesp<br><strong>Vice-presidente:<\/strong>&nbsp;Filipe Martins<br>Membros: Rubens Uch\u00f4a (Cidadania),&nbsp; Daniel Nascimento e M\u00e1rcio Reis<br>Suplente: Marilon Barbosa, Iolanda Castro, Jucelino Rodrigues, Mauro Lacerda e J\u00fanior Bras\u00e3o<\/p>\n\n\n\n<figure class=\"wp-block-image\"><img src=\"https:\/\/www.palmas.to.leg.br\/imagens\/copy_of_Iolanda.JPG\/@@images\/805b888b-dd8e-4131-b2ac-c4595fc5d765.jpeg\" alt=\"\"\/><\/figure>\n\n\n\n<p><strong>Comiss\u00e3o de Cidadania, Direitos Humanos, Meio Ambiente e \u00e9tica e Decoro<\/strong><br><strong>Presidente<\/strong>: Iolanda Castro<br><strong>Vice-presidente:<\/strong>&nbsp;Eudes Assis<br>Membros: Rog\u00e9rio Freitas,&nbsp; Moisemar Marinho e J\u00fanior Bras\u00e3o<br>Suplente: Folha Filho, Pedro Cardoso (DEM), Rubens Uch\u00f4a, M\u00e1rcio Reis e Daniel Nascimento<br><br><\/p>\n\n\n\n<figure class=\"wp-block-image\"><img src=\"https:\/\/www.palmas.to.leg.br\/imagens\/JUCELINO.jpg\/@@images\/bb097908-de70-430b-b0f9-ab7a1b35e9d6.jpeg\" alt=\"\"\/><\/figure>\n\n\n\n<p><strong>Comiss\u00e3o de Seguran\u00e7a P\u00fablica<\/strong><br><strong>Presidente:<\/strong>&nbsp;Jucelino Rodrigues<br><strong>Vice-presidente:<\/strong>&nbsp;Pedro Cardoso<br>Membros: &nbsp;Marilon Barbosa, J\u00fanior Bras\u00e3o e Daniel Nascimento<br>Suplentes: Joatan de Jesus, Laudecy Coimbra, Waldson da Agesp, Mauro Lacerda e Moisemar Marinho<\/p>\n\n\n\n<figure class=\"wp-block-image\"><img src=\"https:\/\/www.palmas.to.leg.br\/imagens\/Laudecy.JPG\/@@images\/3ac9a08c-ce82-47a9-8f78-101433998c73.jpeg\" alt=\"\"\/><\/figure>\n\n\n\n<p><strong>Comiss\u00e3o de Assuntos dos Direitos da Mulher<\/strong><br><strong>Presidente<\/strong>: Laudecy Coimbra<br><strong>Vice-presidente:<\/strong>&nbsp;Iolanda Castro<br>Membros: Solange Duailibe, M\u00e1rcio Reis e Mauro Lacerda<br>Suplente: Pedro Cardoso, Rog\u00e9rio Freitas, Marilon Barbosa, J\u00fanior Bras\u00e3o e Moisemar Marinho<\/p>\n","protected":false},"excerpt":{"rendered":"<p>Os vereadores da C\u00e2mara Municipal de Palmas elegeram na tarde desta quarta-feira, 17, os presidentes e vice-presidentes das Comiss\u00f5es Permanentes da Casa. A elei\u00e7\u00e3o foi nominal e secreta. Confira como ficou a composi\u00e7\u00e3o de cada Comiss\u00e3o: Comiss\u00e3o de Constitui\u00e7\u00e3o, Justi\u00e7a e Reda\u00e7\u00e3o Presidente: Folha Filho (Patriota)Vice presidente:&nbsp;Eudes Assis (PSDB)Membros: Iolanda Castro (PROS), Moisemar Marinho (PDT) [&hellip;]<\/p>\n","protected":false},"author":2,"featured_media":7596,"comment_status":"open","ping_status":"open","sticky":false,"template":"","format":"standard","meta":[],"categories":[8,4],"tags":[13],"_links":{"self":[{"href":"https:\/\/dgospel.com.br\/portal\/index.php\/wp-json\/wp\/v2\/posts\/7595"}],"collection":[{"href":"https:\/\/dgospel.com.br\/portal\/index.php\/wp-json\/wp\/v2\/posts"}],"about":[{"href":"https:\/\/dgospel.com.br\/portal\/index.php\/wp-json\/wp\/v2\/types\/post"}],"author":[{"embeddable":true,"href":"https:\/\/dgospel.com.br\/portal\/index.php\/wp-json\/wp\/v2\/users\/2"}],"replies":[{"embeddable":true,"href":"https:\/\/dgospel.com.br\/portal\/index.php\/wp-json\/wp\/v2\/comments?post=7595"}],"version-history":[{"count":1,"href":"https:\/\/dgospel.com.br\/portal\/index.php\/wp-json\/wp\/v2\/posts\/7595\/revisions"}],"predecessor-version":[{"id":7597,"href":"https:\/\/dgospel.com.br\/portal\/index.php\/wp-json\/wp\/v2\/posts\/7595\/revisions\/7597"}],"wp:featuredmedia":[{"embeddable":true,"href":"https:\/\/dgospel.com.br\/portal\/index.php\/wp-json\/wp\/v2\/media\/7596"}],"wp:attachment":[{"href":"https:\/\/dgospel.com.br\/portal\/index.php\/wp-json\/wp\/v2\/media?parent=7595"}],"wp:term":[{"taxonomy":"category","embeddable":true,"href":"https:\/\/dgospel.com.br\/portal\/index.php\/wp-json\/wp\/v2\/categories?post=7595"},{"taxonomy":"post_tag","embeddable":true,"href":"https:\/\/dgospel.com.br\/portal\/index.php\/wp-json\/wp\/v2\/tags?post=7595"}],"curies":[{"name":"wp","href":"https:\/\/api.w.org\/{rel}","templated":true}]}}