{"id":7601,"date":"2021-02-17T22:52:21","date_gmt":"2021-02-18T01:52:21","guid":{"rendered":"http:\/\/dgospel.com.br\/portal\/?p=7601"},"modified":"2021-02-17T22:52:22","modified_gmt":"2021-02-18T01:52:22","slug":"stf-nao-e-o-dono-do-brasil-declara-marco-feliciano","status":"publish","type":"post","link":"https:\/\/dgospel.com.br\/portal\/index.php\/2021\/02\/17\/stf-nao-e-o-dono-do-brasil-declara-marco-feliciano\/","title":{"rendered":"\u201cSTF n\u00e3o \u00e9 o dono do Brasil\u201d, declara Marco Feliciano"},"content":{"rendered":"\n<p>A pris\u00e3o do deputado federal Daniel Silveira, na noite desta\nter\u00e7a-feira (17), continua reverberando nas redes sociais,&nbsp;<a href=\"https:\/\/pleno.news\/brasil\/politica-nacional\/deputados-denunciam-abuso-e-ilegalidade-na-prisao-de-silveira.html\" target=\"_blank\" rel=\"noreferrer noopener\">sobretudos entre os\nparlamentares<\/a>.<\/p>\n\n\n\n<p>Desta\nvez, o deputado federal Marco Feliciano foi quem deu seu parecer sobre a atitude\ndo ministro Alexandre de Moraes.<\/p>\n\n\n\n<p>Feliciano\npublicou um v\u00eddeo em seu Instagram, no qual ele tece cr\u00edticas ao STF,\nclassificando como \u201catentado contra a democracia\u201d a pris\u00e3o de Silveira.<\/p>\n\n\n\n<p>\u2013\nPrender um deputado federal por suas opini\u00f5es \u00e9 rasgar a Constitui\u00e7\u00e3o Federal e\natentar contra a democracia. O STF n\u00e3o \u00e9 o dono do Brasil. Hoje foi o deputado\nDaniel, amanh\u00e3 poder\u00e1 ser qualquer outro parlamentar. Eu posso n\u00e3o concordar\ncom o perfil de atua\u00e7\u00e3o do deputado Daniel, mas n\u00e3o se pode defender a\ndemocracia praticando um atentado contra contra ela. Essa loucura s\u00f3 terminar\u00e1\nquando o Senado Federal exercer o seu poder, que tamb\u00e9m \u00e9 seu dever, de\nescrutinar os atos dos ministros do STF. Ningu\u00e9m fiscaliza o STF. Poder sem\nlimites \u00e9 ant\u00edtese da Rep\u00fablica. \u00c0s vezes, eu penso que, para o STF, a Constitui\u00e7\u00e3o\n\u00e9 s\u00f3 um \u00e1libi. Parece tamb\u00e9m que, para o STF, crime n\u00e3o \u00e9 roubar, mas sim\ncriticar os ministros da Corte. Por exemplo, Lula est\u00e1 solto. Daniel Silveira\nest\u00e1 preso. Para mim, isso \u00e9 uma vergonha \u2013 declara Feliciano.<\/p>\n\n\n\n<p><a href=\"https:\/\/www.instagram.com\/tv\/CLZoGJLF3mQ\/\">https:\/\/www.instagram.com\/tv\/CLZoGJLF3mQ\/<\/a><\/p>\n\n\n\n<p><\/p>\n","protected":false},"excerpt":{"rendered":"<p>A pris\u00e3o do deputado federal Daniel Silveira, na noite desta ter\u00e7a-feira (17), continua reverberando nas redes sociais,&nbsp;sobretudos entre os parlamentares. Desta vez, o deputado federal Marco Feliciano foi quem deu seu parecer sobre a atitude do ministro Alexandre de Moraes. Feliciano publicou um v\u00eddeo em seu Instagram, no qual ele tece cr\u00edticas ao STF, classificando [&hellip;]<\/p>\n","protected":false},"author":2,"featured_media":7602,"comment_status":"open","ping_status":"open","sticky":false,"template":"","format":"standard","meta":[],"categories":[4],"tags":[13,14],"_links":{"self":[{"href":"https:\/\/dgospel.com.br\/portal\/index.php\/wp-json\/wp\/v2\/posts\/7601"}],"collection":[{"href":"https:\/\/dgospel.com.br\/portal\/index.php\/wp-json\/wp\/v2\/posts"}],"about":[{"href":"https:\/\/dgospel.com.br\/portal\/index.php\/wp-json\/wp\/v2\/types\/post"}],"author":[{"embeddable":true,"href":"https:\/\/dgospel.com.br\/portal\/index.php\/wp-json\/wp\/v2\/users\/2"}],"replies":[{"embeddable":true,"href":"https:\/\/dgospel.com.br\/portal\/index.php\/wp-json\/wp\/v2\/comments?post=7601"}],"version-history":[{"count":1,"href":"https:\/\/dgospel.com.br\/portal\/index.php\/wp-json\/wp\/v2\/posts\/7601\/revisions"}],"predecessor-version":[{"id":7603,"href":"https:\/\/dgospel.com.br\/portal\/index.php\/wp-json\/wp\/v2\/posts\/7601\/revisions\/7603"}],"wp:featuredmedia":[{"embeddable":true,"href":"https:\/\/dgospel.com.br\/portal\/index.php\/wp-json\/wp\/v2\/media\/7602"}],"wp:attachment":[{"href":"https:\/\/dgospel.com.br\/portal\/index.php\/wp-json\/wp\/v2\/media?parent=7601"}],"wp:term":[{"taxonomy":"category","embeddable":true,"href":"https:\/\/dgospel.com.br\/portal\/index.php\/wp-json\/wp\/v2\/categories?post=7601"},{"taxonomy":"post_tag","embeddable":true,"href":"https:\/\/dgospel.com.br\/portal\/index.php\/wp-json\/wp\/v2\/tags?post=7601"}],"curies":[{"name":"wp","href":"https:\/\/api.w.org\/{rel}","templated":true}]}}