{"id":7610,"date":"2021-02-17T23:22:33","date_gmt":"2021-02-18T02:22:33","guid":{"rendered":"http:\/\/dgospel.com.br\/portal\/?p=7610"},"modified":"2021-02-17T23:23:10","modified_gmt":"2021-02-18T02:23:10","slug":"todos-serao-alvos-do-stf-diz-lider-da-frente-conservadora","status":"publish","type":"post","link":"https:\/\/dgospel.com.br\/portal\/index.php\/2021\/02\/17\/todos-serao-alvos-do-stf-diz-lider-da-frente-conservadora\/","title":{"rendered":"\u2018Todos ser\u00e3o alvos do STF\u2019, diz l\u00edder da Frente Conservadora"},"content":{"rendered":"\n<blockquote class=\"wp-block-quote\"><p>\u201cNovo Hamburgo teve muito sucesso no passado, era um polo industrial de exporta\u00e7\u00e3o de couro e cal\u00e7ado, gerava empregos e riquezas a todos que aqui viessem trabalhar. Terra de alem\u00e3es, os costumes ainda restam por algum tempo. Mas com o passar dos anos, a esquerda tomou conta, a cultura decaiu ao seu \u00e1pice s\u00f3rdido e nos vimos diante de um cen\u00e1rio estarrecedor de crimes, caos e desordem\u201d.<\/p><\/blockquote>\n\n\n\n<p>A frase destacada acima \u00e9 de Carina Belom\u00e9, l\u00edder da Frente Conservadora do munic\u00edpio de Novo Hamburgo, no Rio Grande do Sul. Em meio \u00e0 esse cen\u00e1rio, Carina chegou a se lan\u00e7ar como vereadora pelo PRTB, mas acabou perdendo para candidatos, em grande parte, de esquerda, filiados ao PDT e outros partidos.<\/p>\n\n\n\n<p>Em entrevista exclusiva ao&nbsp;<strong>Pleno.News<\/strong>, Carina criticou os abusos do STF, abordou temas como feminismo e porte de armas, al\u00e9m de revelar suas expectativas e planos para a Frente Conservadora que lidera, ao lado de amigos.<\/p>\n\n\n\n<p>Confira a seguir:<\/p>\n\n\n\n<p><strong>Uma das cr\u00edticas da esquerda \u00e0 pol\u00edtica armamentista \u00e9 que armas s\u00e3o caras e que a popula\u00e7\u00e3o mais pobre n\u00e3o teria acesso \u00e0 elas. Hoje, um dos armamentos mais baratos no Brasil \u00e9 um rev\u00f3lver que custa quase 3 mil reais. O que pensa desse argumento?<\/strong><br>A esquerda tem como objetivo obedecer \u00e0 agenda que tem base no Dec\u00e1logo de L\u00eanin, entre um dos mandamentos que diz: \u201c10. Procure catalogar todos aqueles que possuam armas de fogo, para que elas sejam confiscadas no momento oportuno, tornando imposs\u00edvel qualquer resist\u00eancia \u00e0 causa\u2026\u201d<\/p>\n\n\n\n<p>Logo, o argumento de taxar o pobre como impossibilitado de qualquer defesa \u00e9 incentivar que o seu desejo por seguran\u00e7a dependa do Estado.<\/p>\n\n\n\n<p>Sabemos que o armamento civil diminui taxas de homic\u00eddio, conforme consta no DATASUS, onde confirma uma queda recorde nesses crimes em 2020, sendo o menor n\u00famero absoluto de agress\u00f5es letais com armas de fogo desde 1999.<\/p>\n\n\n\n<p>S\u00e3o dados apontados que quebram a narrativa de que armas causam danos e de que os pobres n\u00e3o poder\u00e3o acessar por conta dos valores. A defesa ideol\u00f3gica de tratar o mais pobre como sendo sempre o exclu\u00eddo de medidas que certifiquem sua liberdade \u00e9 de praxe uma postura infame de quem preza pela implanta\u00e7\u00e3o de uma domina\u00e7\u00e3o sobre as massas.<\/p>\n\n\n\n<figure class=\"wp-block-image\"><img src=\"https:\/\/static.cdn.pleno.news\/2021\/02\/Carina-Belom%C3%A9.jpg\" alt=\"Carina Belom\u00e9\" class=\"wp-image-658143\"\/><figcaption>Carina Belom\u00e9 defende o porte de armas para o cidad\u00e3o comum&nbsp;Foto: Arquivo Pessoal<\/figcaption><\/figure>\n\n\n\n<p>Hoje temos acessos a escolas de tiros, profissionais da sa\u00fade mental que realizam testes psicol\u00f3gicos, sendo um dos requisitos para a posse de armas e meios de poder adquirir armas via parcelamento, afinal de contas, as pessoas pobres que a esquerda tanto aponta, possuem moto, carro, terreno etc\u2026<\/p>\n\n\n\n<p>De alguma forma, as pessoas que prezam pela sua liberdade de defesa ter\u00e3o como adquirir o instrumento de forma legal. Basta que tenhamos a lei a nosso favor e meios de comunica\u00e7\u00e3o incentivando que sejam livres para escolherem ter ou n\u00e3o armas em nome da sua liberdade e defesa da vida.<\/p>\n\n\n\n<p><strong>O movimento feminista diz representar as mulheres, mas frequentemente atacam parlamentares e ativistas conservadoras. Na sua opini\u00e3o, qual \u00e9 a import\u00e2ncia da presen\u00e7a de mulheres de direita na pol\u00edtica nacional?<br><\/strong>O movimento feminista nada tem de contribui\u00e7\u00e3o na vida das mulheres em nenhum momento na linha do tempo. S\u00e3o grupos com lideran\u00e7as que possuem objetivos autorit\u00e1rios sobre a autenticidade de suas subordinadas. Algumas influ\u00eancias para o movimento foram: Simone de Beauvoir, denunciada como nazista, abusadora de adolescentes, ped\u00f3fila, teve sua licen\u00e7a de lecionar cassada na Fran\u00e7a ap\u00f3s den\u00fancias de pais de alunas, um dos nomes muito falados hoje nas salas de aula e nos movimentos feministas em mais de 20 vertentes existentes na atualidade como uma \u201chero\u00edna\u201d da liberdade feminina.Simone&nbsp;de&nbsp;Beauvoir,&nbsp;denunciada&nbsp;como&nbsp;nazista,&nbsp;abusadora&nbsp;de&nbsp;adolescentes,&nbsp;ped\u00f3fila,&nbsp;teve&nbsp;sua&nbsp;licen\u00e7a&nbsp;de&nbsp;lecionar&nbsp;cassada<\/p>\n\n\n\n<p>Emmeline Punkhurst, mulher de classe alta, uma das fundadoras do Movimento das Sufragistas, um dos primeiros grupos criados na hist\u00f3ria para que as mulheres fossem filiadas a grupos de esquerda. Uma lideran\u00e7a esquerdista que tinha servas para cuidar de seus 5 filhos, que na fase adulta foram militantes como a m\u00e3e, sendo uma das filhas expulsa do movimento por dizer que n\u00e3o concordava com a ideia de destruir bens nos manifestos de rua.<\/p>\n\n\n\n<p>Punkhurst n\u00e3o aceitou o \u201cpensamento pr\u00f3prio\u201d de sua filha e a tirou do movimento, alegando que n\u00e3o haveria possibilidade de que as pessoas tivessem opini\u00e3o pr\u00f3pria, pois a cartilha precisava ser seguida sem contesta\u00e7\u00f5es.<\/p>\n\n\n\n<p>S\u00e3o exemplos para que o leitor entenda como funciona o movimento que diz \u201cdefender mulheres\u201d contra as investidas do machismo e lutar por \u201cdireitos iguais\u201d.<\/p>\n\n\n\n<figure class=\"wp-block-image\"><img src=\"https:\/\/static.cdn.pleno.news\/2021\/02\/Carina-Belom%C3%A9-e-Carla-Zambeli-e1613597313527.jpeg\" alt=\"Carina Belom\u00e9 e deputada Carla Zambelli\" class=\"wp-image-658134\"\/><figcaption>Carina Belom\u00e9 e deputada Carla Zambelli&nbsp;Foto: Arquivo Pessoal<\/figcaption><\/figure>\n\n\n\n<p>Sabemos que essa massa de pessoas que se caracterizam como \u201crevolucion\u00e1rias\u201d, que gritam nas ruas, andam nuas, que tentam chocar a sociedade e, sustentadas pelos pais, nada possuem de intelig\u00eancia e capacidade de an\u00e1lise para entender que o que obedecem possui financiamento grosso de metacapitalistas com o intuito de dizimar a capacidade cr\u00edtica do indiv\u00edduo, destruir a ordem e a moralidade de uma sociedade para que suas agendas sejam bem sucedidas na implanta\u00e7\u00e3o do comunismo nos territ\u00f3rios.Punkhurst&nbsp;n\u00e3o&nbsp;aceitou&nbsp;o&nbsp;\u201cpensamento&nbsp;pr\u00f3prio\u201d&nbsp;de&nbsp;sua&nbsp;filha&nbsp;e&nbsp;a&nbsp;tirou&nbsp;do&nbsp;movimento<\/p>\n\n\n\n<p>Quando n\u00f3s, conservadoras, temos evid\u00eancia nas redes, nas ruas, nas institui\u00e7\u00f5es, somos atacadas de forma violenta por essas mesmas mulheres que dizem lutar por \u201ctodas\u201d. N\u00e3o h\u00e1 como exigir de uma pessoa ou grupos zumbificados pela ideologia autorit\u00e1ria que tenham empatia ou entendam ao que obedecem.O&nbsp;feminismo&nbsp;n\u00e3o&nbsp;nos&nbsp;representou&nbsp;e&nbsp;nunca&nbsp;ter\u00e1&nbsp;esse&nbsp;trof\u00e9u&nbsp;por&nbsp;n\u00f3s,&nbsp;mulheres&nbsp;conservadoras&nbsp;que&nbsp;n\u00e3o&nbsp;temem&nbsp;serem&nbsp;aut\u00eanticas<\/p>\n\n\n\n<p>Eu mesma fui alvo de meninas estudantes em muitos casos por me expressar contra alguma fobia feminista, desejando que eu fosse estuprada ou morta, ou que meu esposo me agredisse para eu \u201caprender\u201d a n\u00e3o ir contra os mandamentos opressores desses movimentos de cunho criminoso que atentam contra a liberdade de express\u00e3o de quem pensar diferente.<\/p>\n\n\n\n<p>E n\u00f3s, mulheres conservadoras, temos um papel fundamental em ocupar todos os espa\u00e7os da forma como pudermos, confirmando que n\u00f3s temos autenticidade de pensamento sem ter que obedecer uma cartilha, grupos ou um l\u00edder maior, dando oportunidade de voz a todos sem distin\u00e7\u00e3o de sexo, etnia, cren\u00e7a e op\u00e7\u00f5es sexuais, pois temos como base a liberdade do indiv\u00edduo, onde prezamos por nosso bem maior, a vida.<\/p>\n\n\n\n<p>O feminismo n\u00e3o nos representou e nunca ter\u00e1 esse trof\u00e9u por n\u00f3s, mulheres conservadoras que n\u00e3o temem serem aut\u00eanticas.<\/p>\n\n\n\n<figure class=\"wp-block-image\"><img src=\"https:\/\/static.cdn.pleno.news\/2021\/02\/Carina-Belom%C3%A9-e-Daniel-Silveira.png\" alt=\"Carina Belom\u00e9 e Daniel Silveira\" class=\"wp-image-658022\"\/><figcaption>Carina Belom\u00e9 e deputado Daniel Silveira&nbsp;Foto: Reprodu\u00e7\u00e3o<\/figcaption><\/figure>\n\n\n\n<p><strong>A direita \u00e9 frequentemente acusada de autoritarismo. Como a senhora enxerga a pris\u00e3o de figuras ativas da direita, como o jornalista Oswaldo Eust\u00e1quio e o deputado Daniel Silveira e outros?<br><\/strong>Estamos vivendo uma verdadeira ditadura em nosso pa\u00eds. Maquiada, perversa, que veio atrav\u00e9s do judici\u00e1rio e ficamos em uma situa\u00e7\u00e3o muito complexa para nos libertar. Os atos autorit\u00e1rios da Suprema Corte mostram claramente a destrui\u00e7\u00e3o de nossa Carta Magna, quando temos bandidos de toda esp\u00e9cie soltos, ovacionados e virando personagens de filmes e novelas, pessoas que lutam pela liberdade de nossa na\u00e7\u00e3o, que possuem uma vida ilibada, que pagam impostos, que cumprem todos os seus deveres c\u00edvicos s\u00e3o presas, massacradas, proibidas de expressarem-se presas sem crime nenhum, sem provas, sem base contra o mandado que invade suas casas, seus lares, apontam armas para suas fam\u00edlias e levam algemados para uma cela e dali nada mais sabemos o que acontece.<\/p>\n\n\n\n<p>Nosso colega Eust\u00e1quio n\u00e3o pode caminhar, \u201ccalado\u201d na marra, tendo o acesso na sua reabilita\u00e7\u00e3o negada por conta da tornozeleira eletr\u00f4nica, como se fosse um bandido, somente por ter tentado alertar o pa\u00eds de uma situa\u00e7\u00e3o que se armava contra nosso presidente Bolsonaro.<\/p>\n\n\n\n<p>J\u00e1 nosso Deputado Federal Daniel Silveira \u00e9 mais um caso que nos deixa com o cora\u00e7\u00e3o na m\u00e3o, onde o mesmo ministro age com abuso de autoridade sem precedente nesse pa\u00eds e manda prender Daniel por conta de uma express\u00e3o, [dita] por estarmos fartos de tanta tirania contra o povo.At\u00e9&nbsp;l\u00e1,&nbsp;quantos&nbsp;mais&nbsp;ser\u00e3o&nbsp;presos&nbsp;e&nbsp;possivelmente&nbsp;torturados?<\/p>\n\n\n\n<p>Pergunto: at\u00e9 quando vamos ter que assistir isso? Seremos alvos das m\u00e3os de ferro de ministros indicados na era PT que ficar\u00e3o anos no cargo? Alexandre de Moraes s\u00f3 sair\u00e1 em 2043 do poder. At\u00e9 l\u00e1, quantos mais ser\u00e3o presos e possivelmente torturados?<\/p>\n\n\n\n<p>N\u00e3o sabemos o que \u00e9 liberdade e n\u00f3s, conservadores, estamos na mira de um \u201cholocausto\u201d arquitetado. Um alerta est\u00e1 soando em nossos cora\u00e7\u00f5es e precisamos unir for\u00e7as para lidar com essa guerra em a\u00e7\u00e3o.<\/p>\n\n\n\n<p><strong>O STF, al\u00e9m de decretar a pris\u00e3o de figuras de direita, j\u00e1 se declarou favor\u00e1vel \u00e0 vacina\u00e7\u00e3o obrigat\u00f3ria da popula\u00e7\u00e3o. O que a senhora pensa sobre esse tipo de postura dos ministros do Supremo?<\/strong><br>Penso que seja o come\u00e7o de uma ditadura, um ensaio de como as coisas poder\u00e3o seguir caso n\u00e3o tenhamos uma rea\u00e7\u00e3o apropriada contra essas investidas tir\u00e2nicas dos membros da Suprema Corte, que usam de seu poder para coibir a liberdade de pessoas que n\u00e3o causam a invers\u00e3o de valores na sociedade.<\/p>\n\n\n\n<p>N\u00e3o h\u00e1 precedentes para o que est\u00e1 acontecendo: Pris\u00f5es sem crimes, inqu\u00e9ritos maquiav\u00e9licos sem base, brasileiros honestos sendo presos, bandidos de todo n\u00edvel sendo soltos\u2026 \u00c9 uma mancha em nossa hist\u00f3ria que est\u00e1 tornando comum a velha frase \u201co crime compensa\u201d.Todos&nbsp;ser\u00e3o&nbsp;alvos&nbsp;em&nbsp;algum&nbsp;momento,&nbsp;quando&nbsp;os&nbsp;psicopatas&nbsp;do&nbsp;poder&nbsp;resolverem&nbsp;que&nbsp;est\u00e3o&nbsp;sendo&nbsp;\u201cagredidos\u201d&nbsp;com&nbsp;palavras<\/p>\n\n\n\n<p>Viver no Brasil com autoridades ideol\u00f3gicas est\u00e1 sendo um desafio jamais imaginado, pois n\u00e3o temos a certeza de que nossas frases nas redes sociais possam ser um instrumento de nossa restri\u00e7\u00e3o.<\/p>\n\n\n\n<p>A Constitui\u00e7\u00e3o \u00e9 depredada dia ap\u00f3s dia por seus guardi\u00f5es, a massa adormece diante desse perigo, poucos reagem e n\u00f3s, que estamos aqui, firmes pela luta da recupera\u00e7\u00e3o de nosso pa\u00eds, sem ficha criminal, apenas alertando e tentando fazer nosso melhor dentro da lei, dentro da moralidade, somos o alvo dos Malignos do poder.Altas&nbsp;autoridades,&nbsp;pensando&nbsp;que&nbsp;aplaudir&nbsp;a&nbsp;pris\u00e3o,&nbsp;a&nbsp;coibi\u00e7\u00e3o&nbsp;de&nbsp;um&nbsp;conservador&nbsp;\u00e9&nbsp;uma&nbsp;vit\u00f3ria&nbsp;do&nbsp;seu&nbsp;ego<\/p>\n\n\n\n<p>Um c\u00e2ncer que vai contaminando pouco a pouco quem pensa que n\u00e3o ser\u00e1 atingido por essas atitudes torpes e criminosas das altas autoridades, pensando que aplaudir a pris\u00e3o, a coibi\u00e7\u00e3o de um conservador \u00e9 uma vit\u00f3ria do seu ego. Pelo contr\u00e1rio, todos ser\u00e3o alvos em algum momento, quando os psicopatas do poder resolverem que est\u00e3o sendo \u201cagredidos\u201d com palavras.<\/p>\n\n\n\n<figure class=\"wp-block-image\"><img src=\"https:\/\/static.cdn.pleno.news\/2021\/02\/Carina-Belom%C3%A9-e-deputado-Sanderson-1024x768.jpeg\" alt=\"Carina Belom\u00e9 e deputado Sanderson\" class=\"wp-image-658138\"\/><figcaption>Carina Belom\u00e9 e deputado Sanderson&nbsp;Foto: Arquivo Pessoal<\/figcaption><\/figure>\n\n\n\n<p>Sobre a vacina\u00e7\u00e3o, quem exige confirma\u00e7\u00e3o robusta da ci\u00eancia sobre os medicamentos no tratamento e preven\u00e7\u00e3o da COVID, perdeu a vergonha ao apoiar uma vacina que tem apenas 12 meses de ensaio sem publica\u00e7\u00e3o, nem contesta\u00e7\u00e3o de sua efic\u00e1cia, sabendo que precisamos ter, pelo que manda a ci\u00eancia, de 5 a 10 anos de ensaio pr\u00e9-cl\u00ednico para prosseguir o estudo e sua a\u00e7\u00e3o, s\u00e3o palavras do falecido e querido Dr Wong. Nada mais do que medidas ditadoras dos ministros que pensam que a lei pode ser manipulada por eles ao seu bel-prazer.<\/p>\n\n\n\n<p>A Lei n\u00ba 10.406 de 10 de Janeiro de 2002, onde institui o C\u00f3digo Civil, em seu Art. 15, diz:&nbsp;<strong>\u201d Ningu\u00e9m pode ser constrangido a submeter-se, com risco de vida, a tratamento m\u00e9dico ou a interven\u00e7\u00e3o cir\u00fargica.\u201d<\/strong>&nbsp;Agora temos a lei para nos proteger, vai da popula\u00e7\u00e3o baixar a cabe\u00e7a e obedecer ordens absurdas ou reagir mostrando virtude para n\u00e3o ser escravo.<\/p>\n\n\n\n<p><strong>S\u00e3o Paulo est\u00e1 prestes a decretar um novo Lockdown. Como a senhora avalia a gest\u00e3o de Jo\u00e3o D\u00f3ria frente \u00e0 pandemia?<\/strong><br>O governador \u00e9 um capacho nato das idea\u00e7\u00f5es do Partido Comunista Chin\u00eas e suas inten\u00e7\u00f5es de dominar a maior parte das na\u00e7\u00f5es que possuem riquezas naturais. Jo\u00e3o Doria \u00e9 o verdadeiro incauto humanista de botequim que alimenta o inimigo pensando no poder, apenas.<\/p>\n\n\n\n<p>Destruiu empregos, incentivou o absurdo do Lockdown, medida que foi comprovada ter sido uma farsa cient\u00edfica adotada pela Alemanha e seu Minist\u00e9rio Federal do Interior, com o Instituto Robert Koch e universidades, de acordo com que vimos nos \u00faltimos dias.<\/p>\n\n\n\n<p>Temos estudos comprovando a infec\u00e7\u00e3o entre pessoas isoladas, mas a lacra\u00e7\u00e3o \u00e9 gritar para que fiquem em casa, a economia se v\u00ea depois, enquanto temos medidas s\u00e9rias e efetivas salvando vidas se ministrado o tratamento precoce.O&nbsp;governador&nbsp;[Jo\u00e3o&nbsp;Doria]&nbsp;\u00e9&nbsp;um&nbsp;capacho&nbsp;nato&nbsp;das&nbsp;idea\u00e7\u00f5es&nbsp;do&nbsp;Partido&nbsp;Comunista&nbsp;Chin\u00eas<\/p>\n\n\n\n<p>O verdadeiro negacionismo est\u00e1 na alma de quem alimenta o caos e nega os fatos de tratamento para uma incerteza cient\u00edfica. Esses que incentivam o progressismo da maldade com discurso maquiado de empatia, t\u00edpico da postura de Doria, que s\u00f3 ataca quem mostra a verdade e, para permanecer no poder, pisa na cabe\u00e7a da popula\u00e7\u00e3o, em sua parcela envenenada pelas m\u00eddias tradicionais e sem rea\u00e7\u00e3o para buscar a verdade que liberta.<\/p>\n\n\n\n<p><strong>Atualmente, a senhora lidera a Frente Conservadora de Novo Hamburgo. Como \u00e9 o cen\u00e1rio pol\u00edtico da cidade e como a Frente Conservadora atua?<br><\/strong>Depois das elei\u00e7\u00f5es de 2020, diante de um esc\u00e1rnio que lembrou o coronelismo, pensei estar vivendo os tempos \u201cantigos\u201d, onde as pessoas s\u00e3o compradas e vendem-se por voto. Nunca havia concorrido a um pleito, mas para experi\u00eancia e poder de an\u00e1lise, resolvi encarar.<\/p>\n\n\n\n<p>Depois disso, com a conclus\u00e3o do processo, vimos a necessidade de um ataque ao meio cultural, onde impera em boa parte das cidades, o marxismo cultural, que infecta a moral das pessoas com sua onda avassaladora de \u201camparo aos menos desfavorecidos\u201d.Depois&nbsp;das&nbsp;elei\u00e7\u00f5es&nbsp;de&nbsp;2020,&nbsp;diante&nbsp;de&nbsp;um&nbsp;esc\u00e1rnio&nbsp;que&nbsp;lembrou&nbsp;o&nbsp;coronelismo,&nbsp;pensei&nbsp;estar&nbsp;vivendo&nbsp;os&nbsp;tempos&nbsp;\u201cantigos\u201d<\/p>\n\n\n\n<p>Novo Hamburgo teve muito sucesso no passado, era um polo industrial de exporta\u00e7\u00e3o de couro e cal\u00e7ado, gerava empregos e riquezas a todos que aqui viessem trabalhar. Terra de alem\u00e3es, os costumes ainda restam por algum tempo, mas com o passar dos anos a esquerda tomou conta, a cultura decaiu ao seu \u00e1pice s\u00f3rdido e nos vimos diante de um cen\u00e1rio estarrecedor de crimes, caos e desordem.<\/p>\n\n\n\n<p>A Frente Conservadora Novo Hamburgo est\u00e1 em sua fase de forma\u00e7\u00e3o de Miss\u00e3o, Vis\u00e3o e Valores, para que ainda nesse semestre possamos protocolar projetos de interesse p\u00fablico dos eleitores que eu, Rodrigo Vieira e Thiago M\u00f4naco, membros do movimento, fizemos na elei\u00e7\u00e3o passada, honrando de certa forma quem nos confiou seu voto e como forma de iniciar uma a\u00e7\u00e3o de conscientiza\u00e7\u00e3o dos valores conservadores na cidade com folhetins, v\u00eddeos, palestras e lives semanais.Nossa&nbsp;miss\u00e3o&nbsp;\u00e9&nbsp;servir&nbsp;a&nbsp;Deus,&nbsp;\u00e0&nbsp;P\u00e1tria&nbsp;e&nbsp;\u00e0&nbsp;fam\u00edlia<\/p>\n\n\n\n<p>Al\u00e9m de pautarmos eleger representantes que honrem os preceitos conservadores. Assim, pretendemos fomentar uma Frente Conservadora no Estado do Rio Grande do Sul, com apoio do Deputado Federal Sanderson, forte aliado de nosso presidente Bolsonaro e amigo pessoal da fam\u00edlia, para que o alcance desse trabalho patri\u00f3tico comece a barrar as perversas ra\u00edzes do marxismo cultural e suas progress\u00f5es.<\/p>\n\n\n\n<p>N\u00e3o teremos sucesso em nossa empreitada caso n\u00e3o ataquemos o meio cultural onde est\u00e1 a f\u00e1brica de degrada\u00e7\u00e3o moral imposta por diversos servos do comunismo. Nossa miss\u00e3o \u00e9 servir a Deus, \u00e0 P\u00e1tria e \u00e0 fam\u00edlia, com base naquilo que conserva nossos costumes valorosos de liberdade e respeito ao indiv\u00edduo combatendo todo tipo de opress\u00e3o das esquerdas.<\/p>\n\n\n\n<p>Fonte: pleno.news<\/p>\n","protected":false},"excerpt":{"rendered":"<p>\u201cNovo Hamburgo teve muito sucesso no passado, era um polo industrial de exporta\u00e7\u00e3o de couro e cal\u00e7ado, gerava empregos e riquezas a todos que aqui viessem trabalhar. Terra de alem\u00e3es, os costumes ainda restam por algum tempo. Mas com o passar dos anos, a esquerda tomou conta, a cultura decaiu ao seu \u00e1pice s\u00f3rdido e [&hellip;]<\/p>\n","protected":false},"author":2,"featured_media":7611,"comment_status":"open","ping_status":"open","sticky":false,"template":"","format":"standard","meta":[],"categories":[4],"tags":[14],"_links":{"self":[{"href":"https:\/\/dgospel.com.br\/portal\/index.php\/wp-json\/wp\/v2\/posts\/7610"}],"collection":[{"href":"https:\/\/dgospel.com.br\/portal\/index.php\/wp-json\/wp\/v2\/posts"}],"about":[{"href":"https:\/\/dgospel.com.br\/portal\/index.php\/wp-json\/wp\/v2\/types\/post"}],"author":[{"embeddable":true,"href":"https:\/\/dgospel.com.br\/portal\/index.php\/wp-json\/wp\/v2\/users\/2"}],"replies":[{"embeddable":true,"href":"https:\/\/dgospel.com.br\/portal\/index.php\/wp-json\/wp\/v2\/comments?post=7610"}],"version-history":[{"count":2,"href":"https:\/\/dgospel.com.br\/portal\/index.php\/wp-json\/wp\/v2\/posts\/7610\/revisions"}],"predecessor-version":[{"id":7613,"href":"https:\/\/dgospel.com.br\/portal\/index.php\/wp-json\/wp\/v2\/posts\/7610\/revisions\/7613"}],"wp:featuredmedia":[{"embeddable":true,"href":"https:\/\/dgospel.com.br\/portal\/index.php\/wp-json\/wp\/v2\/media\/7611"}],"wp:attachment":[{"href":"https:\/\/dgospel.com.br\/portal\/index.php\/wp-json\/wp\/v2\/media?parent=7610"}],"wp:term":[{"taxonomy":"category","embeddable":true,"href":"https:\/\/dgospel.com.br\/portal\/index.php\/wp-json\/wp\/v2\/categories?post=7610"},{"taxonomy":"post_tag","embeddable":true,"href":"https:\/\/dgospel.com.br\/portal\/index.php\/wp-json\/wp\/v2\/tags?post=7610"}],"curies":[{"name":"wp","href":"https:\/\/api.w.org\/{rel}","templated":true}]}}