{"id":7614,"date":"2021-02-19T12:35:49","date_gmt":"2021-02-19T15:35:49","guid":{"rendered":"http:\/\/dgospel.com.br\/portal\/?p=7614"},"modified":"2021-02-19T12:35:51","modified_gmt":"2021-02-19T15:35:51","slug":"bolsonaro-zera-imposto-federal-no-gas-de-cozinha-para-sempre","status":"publish","type":"post","link":"https:\/\/dgospel.com.br\/portal\/index.php\/2021\/02\/19\/bolsonaro-zera-imposto-federal-no-gas-de-cozinha-para-sempre\/","title":{"rendered":"Bolsonaro zera imposto federal no g\u00e1s de cozinha \u2018para sempre\u2019"},"content":{"rendered":"\n\n\n<p>O presidente Jair Bolsonaro afirmou nesta quinta-feira (18) que, a partir do dia 1\u00ba de mar\u00e7o, o g\u00e1s de cozinha n\u00e3o ter\u00e1 mais nenhum imposto federal. A declara\u00e7\u00e3o foi dada durante transmiss\u00e3o ao vivo dele pelas redes sociais.<\/p>\n\n\n\n\n\n<p>Bolsonaro abordou o assunto ao dizer que teve uma reuni\u00e3o com o ministro da Economia, Paulo Guedes.<\/p>\n\n\n\n<p>\u2013 Hoje \u00e0 tarde, reunido com a equipe econ\u00f4mica, tendo \u00e0 frente o ministro Paulo Guedes, [a] decis\u00e3o nossa [foi]: a partir de 1\u00ba de mar\u00e7o, n\u00e3o haver\u00e1 mais qualquer tributo federal no g\u00e1s de cozinha. Ad eternum. N\u00e3o haver\u00e1 qualquer tributo federal no g\u00e1s de cozinha, que est\u00e1 em m\u00e9dia R$ 90 na ponta da linha. E o pre\u00e7o na origem est\u00e1 um pouco abaixo de R$ 40 \u2013 explicou.<\/p>\n\n\n\n<p>Ele tamb\u00e9m afirmou que n\u00e3o haver\u00e1 imposto sobre o diesel por um per\u00edodo de dois meses. O prazo foi estipulado para que o governo procure uma solu\u00e7\u00e3o para o aumento do combust\u00edvel.<\/p>\n\n\n\n<p>\u2013 A partir de 1\u00ba de mar\u00e7o, tamb\u00e9m n\u00e3o haver\u00e1 qualquer imposto federal no diesel por dois meses. Nesses dois meses, vamos estudar uma maneira definitiva de buscar zerar esse imposto no diesel, at\u00e9 para ajudar a contrabalancear esse aumento, no meu entender excessivo, da Petrobras \u2013 destacou Bolsonaro.<\/p>\n\n\n\n\n\n<p>O deputado federal Eduardo Bolsonaro elogiou a iniciativa em suas redes sociais.<\/p>\n\n\n\n<figure class=\"wp-block-image\"><img src=\"https:\/\/static.cdn.pleno.news\/2021\/02\/Bolso-2.png\" alt=\"\" class=\"wp-image-659105\"\/><\/figure>\n","protected":false},"excerpt":{"rendered":"<p>O presidente Jair Bolsonaro afirmou nesta quinta-feira (18) que, a partir do dia 1\u00ba de mar\u00e7o, o g\u00e1s de cozinha n\u00e3o ter\u00e1 mais nenhum imposto federal. A declara\u00e7\u00e3o foi dada durante transmiss\u00e3o ao vivo dele pelas redes sociais. Bolsonaro abordou o assunto ao dizer que teve uma reuni\u00e3o com o ministro da Economia, Paulo Guedes. [&hellip;]<\/p>\n","protected":false},"author":2,"featured_media":7615,"comment_status":"open","ping_status":"open","sticky":false,"template":"","format":"standard","meta":[],"categories":[4],"tags":[13,14],"_links":{"self":[{"href":"https:\/\/dgospel.com.br\/portal\/index.php\/wp-json\/wp\/v2\/posts\/7614"}],"collection":[{"href":"https:\/\/dgospel.com.br\/portal\/index.php\/wp-json\/wp\/v2\/posts"}],"about":[{"href":"https:\/\/dgospel.com.br\/portal\/index.php\/wp-json\/wp\/v2\/types\/post"}],"author":[{"embeddable":true,"href":"https:\/\/dgospel.com.br\/portal\/index.php\/wp-json\/wp\/v2\/users\/2"}],"replies":[{"embeddable":true,"href":"https:\/\/dgospel.com.br\/portal\/index.php\/wp-json\/wp\/v2\/comments?post=7614"}],"version-history":[{"count":1,"href":"https:\/\/dgospel.com.br\/portal\/index.php\/wp-json\/wp\/v2\/posts\/7614\/revisions"}],"predecessor-version":[{"id":7616,"href":"https:\/\/dgospel.com.br\/portal\/index.php\/wp-json\/wp\/v2\/posts\/7614\/revisions\/7616"}],"wp:featuredmedia":[{"embeddable":true,"href":"https:\/\/dgospel.com.br\/portal\/index.php\/wp-json\/wp\/v2\/media\/7615"}],"wp:attachment":[{"href":"https:\/\/dgospel.com.br\/portal\/index.php\/wp-json\/wp\/v2\/media?parent=7614"}],"wp:term":[{"taxonomy":"category","embeddable":true,"href":"https:\/\/dgospel.com.br\/portal\/index.php\/wp-json\/wp\/v2\/categories?post=7614"},{"taxonomy":"post_tag","embeddable":true,"href":"https:\/\/dgospel.com.br\/portal\/index.php\/wp-json\/wp\/v2\/tags?post=7614"}],"curies":[{"name":"wp","href":"https:\/\/api.w.org\/{rel}","templated":true}]}}