{"id":7617,"date":"2021-02-19T12:57:11","date_gmt":"2021-02-19T15:57:11","guid":{"rendered":"http:\/\/dgospel.com.br\/portal\/?p=7617"},"modified":"2021-02-19T12:57:13","modified_gmt":"2021-02-19T15:57:13","slug":"secretarios-da-fazenda-solicitam-ao-ministerio-da-saude-medidas-urgentes-para-enfrentamento-da-segunda-onda-da-covid-19","status":"publish","type":"post","link":"https:\/\/dgospel.com.br\/portal\/index.php\/2021\/02\/19\/secretarios-da-fazenda-solicitam-ao-ministerio-da-saude-medidas-urgentes-para-enfrentamento-da-segunda-onda-da-covid-19\/","title":{"rendered":"Secret\u00e1rios da Fazenda solicitam ao Minist\u00e9rio da Sa\u00fade medidas urgentes para enfrentamento da segunda onda da Covid-19"},"content":{"rendered":"\n<p>O secret\u00e1rio de Estado da Fazenda e Planejamento do Tocantins, Sandro Henrique Armando e os demais gestores que comp\u00f5em o Conselho Nacional de Secret\u00e1rios da Fazenda dos Estados e Distrito Federal (Consefaz), elaboraram uma carta solicitando recursos ao Minist\u00e9rio da Sa\u00fade, para assegurar a manuten\u00e7\u00e3o dos servi\u00e7os de sa\u00fade nos estados, considerando a alta demanda de pacientes devido a grave crise causada pela pandemia do novo Coronav\u00edrus e sua segunda onda. O documento foi divulgado nessa quinta-feira, 18.<\/p>\n\n\n\n<p>Conforme os gestores, a redu\u00e7\u00e3o do custeio de leitos pelo Minist\u00e9rio da Sa\u00fade em meio ao agravamento da pandemia, afeta todo o pa\u00eds.<\/p>\n\n\n\n<p>Na carta, os secret\u00e1rios explicam que a pandemia n\u00e3o cessou e o pa\u00eds seguir\u00e1 enfrentando, at\u00e9 final do ano, a coexist\u00eancia de diversas ondas dessa crise de sa\u00fade, que ocorre de maneira assim\u00e9trica em diversas regi\u00f5es do Brasil. \u201cOs efeitos da vacina\u00e7\u00e3o somente dever\u00e3o repercutir em queda sustentada, com baixa probabilidade de novas etapas de acelera\u00e7\u00e3o de casos\/interna\u00e7\u00f5es\/\u00f3bitos, a partir do segundo semestre\u201d, destacam no documento.<\/p>\n\n\n\n<p>Diante da atual situa\u00e7\u00e3o da pandemia, os gestores afirmam que precisam de aporte para um novo or\u00e7amento de aux\u00edlio aos estados. \u201cO investimento na rede de aten\u00e7\u00e3o e vigil\u00e2ncia pressup\u00f5e novos investimentos tecnol\u00f3gicos na rede de frios, testagem e transporte, assim como mobiliza\u00e7\u00e3o de recursos humanos e materiais para garantir adequada estrutura\u00e7\u00e3o dos hospitais\u201d, afirmam.<\/p>\n\n\n\n<p>Os secret\u00e1rios enfatizam, ainda, que para cada leito de UTI \u00e9 necess\u00e1rio de 1 a 1,5 leitos de enfermaria. \u201cO custeio deste servi\u00e7o hospitalar hoje depende do uso dos tetos de m\u00e9dia e alta complexidades dos Estados e os aportes recebidos no final do ano pelos Estados s\u00e3o insuficientes para financiar a rede\u201d, explicam.<\/p>\n\n\n\n<p>Assim, os dirigentes das secretarias da Fazenda solicitam \u00e0 Uni\u00e3o aporte aos estados, na forma de um novo incremento ao teto de m\u00e9dia e alta complexidade para custeio livre da rede de aten\u00e7\u00e3o e vigil\u00e2ncia, bem como, a manuten\u00e7\u00e3o do mecanismo j\u00e1 consolidado no Sistema \u00danico de Sa\u00fade (SUS) de habilita\u00e7\u00e3o e custeio fixo dos leitos de UTI-COVID.<\/p>\n\n\n\n<p>A documento \u00e9 assinado pelos gestores Rafael Tarja Fonteles, presidente da Consefaz e secret\u00e1rio da Fazenda do Piau\u00ed; Romulo Grandidier, secret\u00e1rio do Acre; George Andre Palermo Santoro, de Alagoas; Josenildo Santos Abrantes, do Amap\u00e1; Alex Del Giglio, do Amazonas; Manoel Vit\u00f3rio da Silva Filho, da Bahia; Fernanda Pacobahyba, do Cear\u00e1; Andr\u00e9 Lara de Oliveira, do Distrito Federal; Rogelio Pegoretti, do Esp\u00edrito Santo; Cristiane Alkmin, de Goi\u00e1s; Marcellus Alves, do Maranh\u00e3o; Rog\u00e9rio Gallo, do Mato Grosso, Felipe Ribeiro, do Mato Grosso do Sul; Gustavo Barbosa, de Minas Gerais; Ren\u00e9 de Oliveira J\u00fanior, do Par\u00e1; Marialva Laureano, da Para\u00edba; Ren\u00ea Garcia J\u00fanior, do Paran\u00e1; D\u00e9cio Jos\u00e9 Padilha, de Pernambuco; Guilherme Macedo, do Rio de Janeiro; Carlos Eduardo Xavier, do Rio Grande do Norte; Marco Aur\u00e9lio Santos, do Rio Grande do Sul; Lu\u00eds Fernando Pereira, de Rond\u00f4nia; Paulo Eli, de Santa Catarina; Henrique de Campos Meirelles, de S\u00e3o Paulo e Marco Ant\u00f4nio Queiroz, de Sergipe.<\/p>\n","protected":false},"excerpt":{"rendered":"<p>O secret\u00e1rio de Estado da Fazenda e Planejamento do Tocantins, Sandro Henrique Armando e os demais gestores que comp\u00f5em o Conselho Nacional de Secret\u00e1rios da Fazenda dos Estados e Distrito Federal (Consefaz), elaboraram uma carta solicitando recursos ao Minist\u00e9rio da Sa\u00fade, para assegurar a manuten\u00e7\u00e3o dos servi\u00e7os de sa\u00fade nos estados, considerando a alta demanda [&hellip;]<\/p>\n","protected":false},"author":2,"featured_media":7618,"comment_status":"open","ping_status":"open","sticky":false,"template":"","format":"standard","meta":[],"categories":[3],"tags":[13],"_links":{"self":[{"href":"https:\/\/dgospel.com.br\/portal\/index.php\/wp-json\/wp\/v2\/posts\/7617"}],"collection":[{"href":"https:\/\/dgospel.com.br\/portal\/index.php\/wp-json\/wp\/v2\/posts"}],"about":[{"href":"https:\/\/dgospel.com.br\/portal\/index.php\/wp-json\/wp\/v2\/types\/post"}],"author":[{"embeddable":true,"href":"https:\/\/dgospel.com.br\/portal\/index.php\/wp-json\/wp\/v2\/users\/2"}],"replies":[{"embeddable":true,"href":"https:\/\/dgospel.com.br\/portal\/index.php\/wp-json\/wp\/v2\/comments?post=7617"}],"version-history":[{"count":1,"href":"https:\/\/dgospel.com.br\/portal\/index.php\/wp-json\/wp\/v2\/posts\/7617\/revisions"}],"predecessor-version":[{"id":7619,"href":"https:\/\/dgospel.com.br\/portal\/index.php\/wp-json\/wp\/v2\/posts\/7617\/revisions\/7619"}],"wp:featuredmedia":[{"embeddable":true,"href":"https:\/\/dgospel.com.br\/portal\/index.php\/wp-json\/wp\/v2\/media\/7618"}],"wp:attachment":[{"href":"https:\/\/dgospel.com.br\/portal\/index.php\/wp-json\/wp\/v2\/media?parent=7617"}],"wp:term":[{"taxonomy":"category","embeddable":true,"href":"https:\/\/dgospel.com.br\/portal\/index.php\/wp-json\/wp\/v2\/categories?post=7617"},{"taxonomy":"post_tag","embeddable":true,"href":"https:\/\/dgospel.com.br\/portal\/index.php\/wp-json\/wp\/v2\/tags?post=7617"}],"curies":[{"name":"wp","href":"https:\/\/api.w.org\/{rel}","templated":true}]}}