{"id":7620,"date":"2021-02-19T13:12:15","date_gmt":"2021-02-19T16:12:15","guid":{"rendered":"http:\/\/dgospel.com.br\/portal\/?p=7620"},"modified":"2021-02-19T13:12:17","modified_gmt":"2021-02-19T16:12:17","slug":"ministro-kassio-nunes-quer-explicacoes-sobre-proibicoes-de-atividades-religiosas","status":"publish","type":"post","link":"https:\/\/dgospel.com.br\/portal\/index.php\/2021\/02\/19\/ministro-kassio-nunes-quer-explicacoes-sobre-proibicoes-de-atividades-religiosas\/","title":{"rendered":"Ministro Kassio Nunes quer explica\u00e7\u00f5es sobre proibi\u00e7\u00f5es de atividades religiosas"},"content":{"rendered":"\n<p>O ministro do Supremo Tribunal Federal,&nbsp;<a href=\"https:\/\/folhagospel.com\/silas-malafaia-critica-bolsonaro-e-seu-escolhido-para-stf-e-uma-decepcao-geral\/\" target=\"_blank\" rel=\"noreferrer noopener\">Kassio Nunes Marques<\/a>, determinou que administra\u00e7\u00f5es estaduais e municipais apresentem explica\u00e7\u00f5es sobre decretos que vedaram a realiza\u00e7\u00e3o de atividades religiosas durante a pandemia.<\/p>\n\n\n\n<p>A ordem do ministro atende pedido de suspens\u00e3o dos dispositivos legais pela&nbsp;<a href=\"https:\/\/folhagospel.com\/associacao-nacional-de-juristas-evangelicos-pede-para-pastores-suspenderem-os-cultos\/\" target=\"_blank\" rel=\"noreferrer noopener\">Associa\u00e7\u00e3o Nacional de Juristas Evang\u00e9licos<\/a>&nbsp;(Anajure). Devem responder ao STF as prefeituras de Macap\u00e1 (AP), Jo\u00e3o Monlevade (MG), Serrinha (BA), Bebedouro (SP), Rio Brilhante (MS) e Arma\u00e7\u00e3o dos B\u00fazios (RJ), al\u00e9m dos governadores do Piau\u00ed e Roraima.<\/p>\n\n\n\n<p>No pedido, a Anajure alega que os decretos s\u00e3o generalistas e n\u00e3o especificam as atividades que s\u00e3o consideradas de risco. Para os requerentes, as medidas s\u00e3o desproporcionais, porque vedariam qualquer atividade religiosa, mesmo aquelas que, segundo eles, n\u00e3o t\u00eam potencial de aglomera\u00e7\u00e3o como os servi\u00e7os de capelinha ou a\u00e7\u00f5es filantr\u00f3picas.<\/p>\n\n\n\n\n\n<p>Sendo assim, \u00e9 argumentado que os dispositivos legais ferem a Constitui\u00e7\u00e3o Federal no que diz respeito \u00e0 liberdade de locomo\u00e7\u00e3o e \u00e0 laicidade do Estado.<\/p>\n\n\n\n<p>\u201cH\u00e1 situa\u00e7\u00f5es que violam a liberdade religiosa e elas precisam de aten\u00e7\u00e3o. A Anajure pede que as atividades possam ocorrer dentro das normas recomendadas pelos \u00f3rg\u00e3os de sa\u00fade e que os decretos abusivos sejam suspensos ou revistos\u201d, diz a nota do \u00f3rg\u00e3o.<\/p>\n\n\n\n<p>O ministro entendeu que o assunto \u00e9 de grande relev\u00e2ncia e determinou que cada administra\u00e7\u00e3o citada no processo justifique a publica\u00e7\u00e3o dos decretos dentro de cinco dias.<\/p>\n\n\n\n<p>Ap\u00f3s a manifesta\u00e7\u00e3o de cada gest\u00e3o, a Advocacia-Geral da Uni\u00e3o (AGU) e a Procuradoria-Geral da Rep\u00fablica (PGR) dever\u00e3o ser notificadas para que tamb\u00e9m se manifestem sobre o tema em um prazo de cinco dias.<\/p>\n\n\n\n<p><strong>Fonte: Terra e Comunh\u00e3o<\/strong><br><\/p>\n","protected":false},"excerpt":{"rendered":"<p>O ministro do Supremo Tribunal Federal,&nbsp;Kassio Nunes Marques, determinou que administra\u00e7\u00f5es estaduais e municipais apresentem explica\u00e7\u00f5es sobre decretos que vedaram a realiza\u00e7\u00e3o de atividades religiosas durante a pandemia. A ordem do ministro atende pedido de suspens\u00e3o dos dispositivos legais pela&nbsp;Associa\u00e7\u00e3o Nacional de Juristas Evang\u00e9licos&nbsp;(Anajure). Devem responder ao STF as prefeituras de Macap\u00e1 (AP), Jo\u00e3o Monlevade [&hellip;]<\/p>\n","protected":false},"author":2,"featured_media":7621,"comment_status":"open","ping_status":"open","sticky":false,"template":"","format":"standard","meta":[],"categories":[5,4],"tags":[13],"_links":{"self":[{"href":"https:\/\/dgospel.com.br\/portal\/index.php\/wp-json\/wp\/v2\/posts\/7620"}],"collection":[{"href":"https:\/\/dgospel.com.br\/portal\/index.php\/wp-json\/wp\/v2\/posts"}],"about":[{"href":"https:\/\/dgospel.com.br\/portal\/index.php\/wp-json\/wp\/v2\/types\/post"}],"author":[{"embeddable":true,"href":"https:\/\/dgospel.com.br\/portal\/index.php\/wp-json\/wp\/v2\/users\/2"}],"replies":[{"embeddable":true,"href":"https:\/\/dgospel.com.br\/portal\/index.php\/wp-json\/wp\/v2\/comments?post=7620"}],"version-history":[{"count":1,"href":"https:\/\/dgospel.com.br\/portal\/index.php\/wp-json\/wp\/v2\/posts\/7620\/revisions"}],"predecessor-version":[{"id":7622,"href":"https:\/\/dgospel.com.br\/portal\/index.php\/wp-json\/wp\/v2\/posts\/7620\/revisions\/7622"}],"wp:featuredmedia":[{"embeddable":true,"href":"https:\/\/dgospel.com.br\/portal\/index.php\/wp-json\/wp\/v2\/media\/7621"}],"wp:attachment":[{"href":"https:\/\/dgospel.com.br\/portal\/index.php\/wp-json\/wp\/v2\/media?parent=7620"}],"wp:term":[{"taxonomy":"category","embeddable":true,"href":"https:\/\/dgospel.com.br\/portal\/index.php\/wp-json\/wp\/v2\/categories?post=7620"},{"taxonomy":"post_tag","embeddable":true,"href":"https:\/\/dgospel.com.br\/portal\/index.php\/wp-json\/wp\/v2\/tags?post=7620"}],"curies":[{"name":"wp","href":"https:\/\/api.w.org\/{rel}","templated":true}]}}