{"id":7623,"date":"2021-02-19T13:29:25","date_gmt":"2021-02-19T16:29:25","guid":{"rendered":"http:\/\/dgospel.com.br\/portal\/?p=7623"},"modified":"2021-02-19T13:29:26","modified_gmt":"2021-02-19T16:29:26","slug":"40-dias-pela-vida-cristaos-fazem-oracao-e-jejum-pelo-fim-do-aborto-no-brasil","status":"publish","type":"post","link":"https:\/\/dgospel.com.br\/portal\/index.php\/2021\/02\/19\/40-dias-pela-vida-cristaos-fazem-oracao-e-jejum-pelo-fim-do-aborto-no-brasil\/","title":{"rendered":"`40 Dias pela Vida\u00b4: Crist\u00e3os fazem ora\u00e7\u00e3o e jejum pelo fim do aborto no Brasil"},"content":{"rendered":"\n<p>A campanha \u201c40 Dias pela Vida\u201d, que nasceu nos Estados Unidos, foi iniciada tamb\u00e9m no Brasil na \u00faltima quarta-feira (17) em pelo menos quatro cidades do Pa\u00eds.<\/p>\n\n\n\n<p>Ser\u00e3o 40 dias de ora\u00e7\u00e3o pelo fim do aborto at\u00e9 o dia 28 de mar\u00e7o, nas cidades de Bras\u00edlia (DF), Rio Janeiro (RJ), Recife (PE) e Fortaleza (CE).<\/p>\n\n\n\n<p>Os participantes da campanha se re\u00fanem em locais p\u00fablicos para orar pelo fim do aborto, de forma \u201cpac\u00edfica, crist\u00e3 e n\u00e3o vinculada a nenhuma denomina\u00e7\u00e3o\u201d, segundo os organizadores.<\/p>\n\n\n\n<p>A organiza\u00e7\u00e3o do 40 Dias Pela Vida Brasil tamb\u00e9m destaca que a campanha \u00e9 formada por \u201c40 dias de ora\u00e7\u00e3o, jejum, vig\u00edlia pac\u00edfica e conscientiza\u00e7\u00e3o sobre o aborto e a dignidade da vida humana\u201d.<\/p>\n\n\n\n<p>Com a parceria da Rede Nacional em Defesa da Vida e da Fam\u00edlia, em 2021, mais pessoas passaram a aderir ao movimento.<\/p>\n\n\n\n<p>A organiza\u00e7\u00e3o 40 Dias pela Vida foi fundada em 2004 nos EUA e realiza campanhas contra o aborto em mais de 60 na\u00e7\u00f5es ao redor do mundo. O nome tem refer\u00eancia ao s\u00edmbolo dos 40 dias na B\u00edblia, como os dias do dil\u00favio com a arca de No\u00e9, os dias de Mois\u00e9s no Monte Sinai e os dias de Jesus no deserto.<\/p>\n\n\n\n<p>Nos EUA, a campanha consiste em 40 dias de ora\u00e7\u00e3o e jejum do lado fora de cl\u00ednicas ou hospitais que realizam abortos. O movimento tamb\u00e9m promove a conscientiza\u00e7\u00e3o sobre o aborto e contato direto com mulheres que est\u00e3o considerando abortar.&nbsp;<\/p>\n\n\n\n<p>De acordo com o site da organiza\u00e7\u00e3o, atrav\u00e9s de seus esfor\u00e7os, cerca de 18.016 beb\u00eas foram salvos do aborto, 211 funcion\u00e1rios de cl\u00ednicas de aborto pediram demiss\u00e3o e 109 centros de aborto foram fechados.<\/p>\n\n\n\n<p><em>Fonte: Guiame \/ Com informa\u00e7\u00f5es Gazeta do Povo \/ Foto: 40 Dias Pela Vida Rio (19.02.21)<\/em><\/p>\n","protected":false},"excerpt":{"rendered":"<p>A campanha \u201c40 Dias pela Vida\u201d, que nasceu nos Estados Unidos, foi iniciada tamb\u00e9m no Brasil na \u00faltima quarta-feira (17) em pelo menos quatro cidades do Pa\u00eds. Ser\u00e3o 40 dias de ora\u00e7\u00e3o pelo fim do aborto at\u00e9 o dia 28 de mar\u00e7o, nas cidades de Bras\u00edlia (DF), Rio Janeiro (RJ), Recife (PE) e Fortaleza (CE). [&hellip;]<\/p>\n","protected":false},"author":2,"featured_media":7624,"comment_status":"open","ping_status":"open","sticky":false,"template":"","format":"standard","meta":[],"categories":[5],"tags":[13],"_links":{"self":[{"href":"https:\/\/dgospel.com.br\/portal\/index.php\/wp-json\/wp\/v2\/posts\/7623"}],"collection":[{"href":"https:\/\/dgospel.com.br\/portal\/index.php\/wp-json\/wp\/v2\/posts"}],"about":[{"href":"https:\/\/dgospel.com.br\/portal\/index.php\/wp-json\/wp\/v2\/types\/post"}],"author":[{"embeddable":true,"href":"https:\/\/dgospel.com.br\/portal\/index.php\/wp-json\/wp\/v2\/users\/2"}],"replies":[{"embeddable":true,"href":"https:\/\/dgospel.com.br\/portal\/index.php\/wp-json\/wp\/v2\/comments?post=7623"}],"version-history":[{"count":1,"href":"https:\/\/dgospel.com.br\/portal\/index.php\/wp-json\/wp\/v2\/posts\/7623\/revisions"}],"predecessor-version":[{"id":7625,"href":"https:\/\/dgospel.com.br\/portal\/index.php\/wp-json\/wp\/v2\/posts\/7623\/revisions\/7625"}],"wp:featuredmedia":[{"embeddable":true,"href":"https:\/\/dgospel.com.br\/portal\/index.php\/wp-json\/wp\/v2\/media\/7624"}],"wp:attachment":[{"href":"https:\/\/dgospel.com.br\/portal\/index.php\/wp-json\/wp\/v2\/media?parent=7623"}],"wp:term":[{"taxonomy":"category","embeddable":true,"href":"https:\/\/dgospel.com.br\/portal\/index.php\/wp-json\/wp\/v2\/categories?post=7623"},{"taxonomy":"post_tag","embeddable":true,"href":"https:\/\/dgospel.com.br\/portal\/index.php\/wp-json\/wp\/v2\/tags?post=7623"}],"curies":[{"name":"wp","href":"https:\/\/api.w.org\/{rel}","templated":true}]}}