{"id":7626,"date":"2021-02-20T09:30:37","date_gmt":"2021-02-20T12:30:37","guid":{"rendered":"http:\/\/dgospel.com.br\/portal\/?p=7626"},"modified":"2021-02-20T09:30:39","modified_gmt":"2021-02-20T12:30:39","slug":"prefeitura-palmas-suspende-atendimento-presencial-e-estabelece-horario-de-funcionamento-de-comercio-e-templos-religiosos-das-6-as-20-horas","status":"publish","type":"post","link":"https:\/\/dgospel.com.br\/portal\/index.php\/2021\/02\/20\/prefeitura-palmas-suspende-atendimento-presencial-e-estabelece-horario-de-funcionamento-de-comercio-e-templos-religiosos-das-6-as-20-horas\/","title":{"rendered":"Prefeitura Palmas suspende atendimento presencial, e estabelece hor\u00e1rio de funcionamento de com\u00e9rcio e templos religiosos das 6 \u00e0s 20 horas"},"content":{"rendered":"\n<p>Com o crescimento expressivo nos n\u00fameros de infec\u00e7\u00f5es pelo novo coronav\u00edrus na Capital e com poucos leitos p\u00fablicos e complementares contratualizados de UTI dispon\u00edveis, a Prefeitura de Palmas precisou refor\u00e7ar as medidas preventivas. O decreto n\u00ba 1996, publicado no Di\u00e1rio Oficial do Munic\u00edpio desta sexta-feira, 19, revoga o Decreto n\u00ba 1.982, de 22 de janeiro de 2021 e estabelece o hor\u00e1rio de funcionamento das atividades no Munic\u00edpio, das 6 \u00e0s 20 horas, durante 15 dias, a partir da pr\u00f3xima segunda-feira, 22.<\/p>\n\n\n\n<p>O\nhor\u00e1rio de funcionamento se aplica n\u00e3o s\u00f3 ao com\u00e9rcio, mas a institui\u00e7\u00f5es\nreligiosas, de ensino, parques, pra\u00e7as e \u00e1reas p\u00fablicas. Ficam de fora dos\nnovos hor\u00e1rios os postos de combust\u00edveis, farm\u00e1cias, servi\u00e7os hospitalares e\nservi\u00e7os de hotelaria, al\u00e9m dos estabelecimentos regidos por normas de\ncompet\u00eancia federal. Os servi\u00e7os de&nbsp;<em>delivery&nbsp;<\/em>poder\u00e3o\nfuncionar at\u00e9 a meia noite, vedadas retiradas no local.<\/p>\n\n\n\n<p>As\nmedidas se fizeram necess\u00e1ria uma vez que informa\u00e7\u00f5es, divulgadas pelo portal\nIntegra Sa\u00fade Tocantins, da Secretaria Estadual da Sa\u00fade, demonstram que os\nleitos p\u00fablicos e leitos complementares contratualizados de UTI Covid-19, de\nunidades hospitalares localizadas em Palmas apresentam na data desta\nsexta-feira, 19, a seguintes taxas de ocupa\u00e7\u00e3o: Hospital Estadual de Combate \u00e0\nCovid-19, 100%; Hospital Oswaldo Cruz, 100%; Hospital Santa Thereza, 90% e\nHospital Geral de Palmas, 67%.<\/p>\n\n\n\n<p>O\ndecreto passa a vigorar a partir desta segunda-feira, 22, e produzir\u00e1 efeitos\nat\u00e9 8 de mar\u00e7o de 2021, podendo ser revisto, a qualquer tempo, diante do\ncrescimento ou do decr\u00e9scimo da taxa de transmissibilidade com impacto na rede de\naten\u00e7\u00e3o \u00e0 sa\u00fade.<\/p>\n\n\n\n<p><strong>Atendimento\nem \u00f3rg\u00e3os municipais<\/strong><\/p>\n\n\n\n<p>Como\nforma de minimizar os riscos de contamina\u00e7\u00e3o \u00e0 popula\u00e7\u00e3o, o atendimento\npresencial ao p\u00fablico nos \u00f3rg\u00e3os e entidades municipais foi suspenso, com\nexce\u00e7\u00e3o das unidades de sa\u00fade; conselhos tutelares; servi\u00e7os essenciais de\natendimento da Secretaria Municipal de Desenvolvimento Social (Sedes), tais\ncomo plant\u00e3o social e casas de acolhimento; unidades do Resolve Palmas e Sala\ndo Empreendedor, que funcionar\u00e3o mediante pr\u00e9vio agendamento.<\/p>\n\n\n\n<p>O\ndecreto ainda prev\u00ea que os dirigentes dos \u00f3rg\u00e3os e entidades municipais poder\u00e3o\nestabelecer, mediante ato pr\u00f3prio, os mecanismos de atendimento ao p\u00fablico para\nque n\u00e3o haja preju\u00edzos \u00e0 popula\u00e7\u00e3o.<\/p>\n\n\n\n<p><strong>Embarca\u00e7\u00f5es\/Praia\ne Parque Cesamar<\/strong><\/p>\n\n\n\n<p>Mesmo\ncom a revoga\u00e7\u00e3o do Decreto 1.982, de 22 de janeiro de 2021, ficou mantida a\nsuspens\u00e3o da realiza\u00e7\u00e3o de shows, funcionamento de boates e a utiliza\u00e7\u00e3o dos\np\u00ederes 1 e 2 da Praia da Graciosa. Tamb\u00e9m \u00e9 mantida a veda\u00e7\u00e3o da utiliza\u00e7\u00e3o,\npela popula\u00e7\u00e3o, das faixas de areia das praias locais em qualquer hor\u00e1rio.\nTamb\u00e9m est\u00e1 proibido o funcionamento das 6 \u00e0s 20 horas dos parques, pra\u00e7as e\n\u00e1reas p\u00fablicas municipais, exceto o Parque Cesamar que, nos s\u00e1bados e domingos,\npermanecer\u00e1 fechado.<\/p>\n\n\n\n<p>O\nnovo decreto suspendeu ainda a utiliza\u00e7\u00e3o de embarca\u00e7\u00f5es do tipo multicasco\nutilizadas no turismo n\u00e1utico, de esporte, de recreio e de transporte de\npassageiros (conforme caracterizado pelo art. 12 do Decreto n\u00b0 1.856, de 14 de\nmar\u00e7o de 2020).<\/p>\n\n\n\n<p><strong>Consumo\nde bebidas alco\u00f3licas<\/strong><\/p>\n\n\n\n<p>O\nconsumo de bebidas alco\u00f3licas permanece suspenso em espa\u00e7os p\u00fablicos,\nestacionamentos de distribuidoras, conveni\u00eancias, e agora abrange tamb\u00e9m\nestacionamentos de hipermercados, supermercados e mercados.<\/p>\n\n\n\n<p><strong>Festas<\/strong><\/p>\n\n\n\n<p>Fica\nmantida a proibi\u00e7\u00e3o de festas em propriedades urbanas e rurais, com aglomera\u00e7\u00e3o\nde pessoas, exceto eventos autorizados de acordo com protocolo estabelecido\npela Vigil\u00e2ncia Sanit\u00e1ria, conforme previsto no art. 4\u00b0 do Decreto n\u00b0 1.959, de\n29 de outubro de 2020.<\/p>\n\n\n\n<p><strong>Templos\nreligiosos<\/strong><\/p>\n\n\n\n<p>As\ninstitui\u00e7\u00f5es religiosas dever\u00e3o respeitar o novo hor\u00e1rio de funcionamento, das\n6 \u00e0s 20h, n\u00e3o deixando de seguir as orienta\u00e7\u00f5es do Decreto n\u00b0 1.905, de 10 de\njunho de 2020.<\/p>\n\n\n\n<p><strong>Escolas<\/strong><\/p>\n\n\n\n<p>O\ndecreto tamb\u00e9m abrange institui\u00e7\u00f5es p\u00fablicas ou privadas de ensino, que dever\u00e3o\nrespeitar o contido no Decreto n\u00b0 1.958, de 27 de outubro de 2020 e, no que\ncouber, no Decreto n\u00b0 1.971, de 9 dezembro de 2020;<\/p>\n\n\n\n<p><strong>Penalidades<\/strong><\/p>\n\n\n\n<p>A\nfiscaliza\u00e7\u00e3o comandada pela Secretaria Municipal da Sa\u00fade, por meio da\nVigil\u00e2ncia Sanit\u00e1ria, em conjunto com a Secretaria Municipal de Seguran\u00e7a e\nMobilidade Urbana e Secretaria Municipal de Desenvolvimento Urbano e Servi\u00e7os\nRegionais, continuar\u00e1 atuante para coibir desrespeito ao novo decreto e as\ndemais normas sanit\u00e1rias e de seguran\u00e7a.<\/p>\n\n\n\n<p>O\ndescumprimento ao novo decreto est\u00e1 sujeito a penalidades administrativas,\nc\u00edveis e criminais, conforme o caso, inclusive cassa\u00e7\u00e3o de alvar\u00e1 na hip\u00f3tese\nde reincid\u00eancia, como ainda san\u00e7\u00f5es previstas na Lei Federal n\u00ba 6.437, de 20 de\nagosto de 1977, e na Lei Municipal n\u00ba 1.840, de 29 de dezembro de 2011.<\/p>\n","protected":false},"excerpt":{"rendered":"<p>Com o crescimento expressivo nos n\u00fameros de infec\u00e7\u00f5es pelo novo coronav\u00edrus na Capital e com poucos leitos p\u00fablicos e complementares contratualizados de UTI dispon\u00edveis, a Prefeitura de Palmas precisou refor\u00e7ar as medidas preventivas. O decreto n\u00ba 1996, publicado no Di\u00e1rio Oficial do Munic\u00edpio desta sexta-feira, 19, revoga o Decreto n\u00ba 1.982, de 22 de janeiro [&hellip;]<\/p>\n","protected":false},"author":2,"featured_media":7627,"comment_status":"open","ping_status":"open","sticky":false,"template":"","format":"standard","meta":[],"categories":[4],"tags":[13],"_links":{"self":[{"href":"https:\/\/dgospel.com.br\/portal\/index.php\/wp-json\/wp\/v2\/posts\/7626"}],"collection":[{"href":"https:\/\/dgospel.com.br\/portal\/index.php\/wp-json\/wp\/v2\/posts"}],"about":[{"href":"https:\/\/dgospel.com.br\/portal\/index.php\/wp-json\/wp\/v2\/types\/post"}],"author":[{"embeddable":true,"href":"https:\/\/dgospel.com.br\/portal\/index.php\/wp-json\/wp\/v2\/users\/2"}],"replies":[{"embeddable":true,"href":"https:\/\/dgospel.com.br\/portal\/index.php\/wp-json\/wp\/v2\/comments?post=7626"}],"version-history":[{"count":1,"href":"https:\/\/dgospel.com.br\/portal\/index.php\/wp-json\/wp\/v2\/posts\/7626\/revisions"}],"predecessor-version":[{"id":7628,"href":"https:\/\/dgospel.com.br\/portal\/index.php\/wp-json\/wp\/v2\/posts\/7626\/revisions\/7628"}],"wp:featuredmedia":[{"embeddable":true,"href":"https:\/\/dgospel.com.br\/portal\/index.php\/wp-json\/wp\/v2\/media\/7627"}],"wp:attachment":[{"href":"https:\/\/dgospel.com.br\/portal\/index.php\/wp-json\/wp\/v2\/media?parent=7626"}],"wp:term":[{"taxonomy":"category","embeddable":true,"href":"https:\/\/dgospel.com.br\/portal\/index.php\/wp-json\/wp\/v2\/categories?post=7626"},{"taxonomy":"post_tag","embeddable":true,"href":"https:\/\/dgospel.com.br\/portal\/index.php\/wp-json\/wp\/v2\/tags?post=7626"}],"curies":[{"name":"wp","href":"https:\/\/api.w.org\/{rel}","templated":true}]}}