{"id":7629,"date":"2021-02-20T09:44:35","date_gmt":"2021-02-20T12:44:35","guid":{"rendered":"http:\/\/dgospel.com.br\/portal\/?p=7629"},"modified":"2021-02-20T09:44:37","modified_gmt":"2021-02-20T12:44:37","slug":"com-364-votos-a-favor-camara-mantem-daniel-silveira-preso","status":"publish","type":"post","link":"https:\/\/dgospel.com.br\/portal\/index.php\/2021\/02\/20\/com-364-votos-a-favor-camara-mantem-daniel-silveira-preso\/","title":{"rendered":"Com 364 votos a favor, C\u00e2mara mant\u00e9m Daniel Silveira preso"},"content":{"rendered":"\n<p> A C\u00e2mara dos Deputados votou, na noite desta sexta-feira (19), a pris\u00e3o do deputado federal Daniel Silveira (PSL-RJ). E com 364 votos, a Casa decidiu a favor de manter a pris\u00e3o do parlamentar. Outros 130 deputados votaram contra e tr\u00eas se abstiveram. <\/p>\n\n\n\n<p>A relatora do caso foi a deputada Magda Mofatto (PL-GO), que votou pela manuten\u00e7\u00e3o da pris\u00e3o. Ao ler seu parecer, ela apontou que a pris\u00e3o foi \u201ccorreta\u201d e \u201cproporcional\u201d.<\/p>\n\n\n\n<p>\u2013 \u00c9 impens\u00e1vel que o constituinte tenha pensado a imunidade como um instrumento para pedir o fechamento do Congresso, ou para p\u00f4r fim ao princ\u00edpio da separa\u00e7\u00e3o dos poderes \u2013 destacou a relatora.<\/p>\n\n\n\n<figure class=\"wp-block-image\"><img src=\"https:\/\/static.cdn.pleno.news\/2021\/02\/EuoDwWqXAAMBa4r-1024x576.jpg\" alt=\"\" class=\"wp-image-659990\"\/><figcaption>Placar da vota\u00e7\u00e3o&nbsp;Foto: Divulga\u00e7\u00e3o\/C\u00e2mara dos Deputados<\/figcaption><\/figure>\n\n\n\n<p>O deputado foi preso na madrugada de quarta-feira (17) por ordem do ministro Alexandre de Moraes, horas depois de ter postado um v\u00eddeo com cr\u00edticas aos ministros do STF. A pris\u00e3o foi confirmada na quarta, por unanimidade, pelo plen\u00e1rio do Supremo.<\/p>\n\n\n\n<p>Na tarde desta quinta-feira (18), um juiz do gabinete de Moraes realizou a chamada audi\u00eancia de cust\u00f3dia, para checar a regularidade da pris\u00e3o.<\/p>\n\n\n\n<p>Na ordem de pris\u00e3o, o ministro do STF, Alexandre de Moraes, afirmou que a conduta de Daniel Silveira se enquadra em artigos da lei de Seguran\u00e7a Nacional e que o flagrante est\u00e1 configurado porque a perman\u00eancia do v\u00eddeo na internet primou, \u201cde maneira clara e evidente, pela perpetua\u00e7\u00e3o dos delitos\u201d.<\/p>\n\n\n\n<p>Entretanto, a Constitui\u00e7\u00e3o diz que deputados federais s\u00f3 podem ser presos em flagrante por crime inafian\u00e7\u00e1vel. Na decis\u00e3o que determinou a pris\u00e3o de Daniel Silveira, o ministro Alexandre de Moraes afirmou que a conduta do deputado se enquadra nesses requisitos, apesar de diversos especialistas, como o jurista Ives Gandra, manifestarem-se contra a decis\u00e3o de Moraes.<\/p>\n","protected":false},"excerpt":{"rendered":"<p>A C\u00e2mara dos Deputados votou, na noite desta sexta-feira (19), a pris\u00e3o do deputado federal Daniel Silveira (PSL-RJ). E com 364 votos, a Casa decidiu a favor de manter a pris\u00e3o do parlamentar. Outros 130 deputados votaram contra e tr\u00eas se abstiveram. A relatora do caso foi a deputada Magda Mofatto (PL-GO), que votou pela [&hellip;]<\/p>\n","protected":false},"author":2,"featured_media":7630,"comment_status":"open","ping_status":"open","sticky":false,"template":"","format":"standard","meta":[],"categories":[4],"tags":[13,14],"_links":{"self":[{"href":"https:\/\/dgospel.com.br\/portal\/index.php\/wp-json\/wp\/v2\/posts\/7629"}],"collection":[{"href":"https:\/\/dgospel.com.br\/portal\/index.php\/wp-json\/wp\/v2\/posts"}],"about":[{"href":"https:\/\/dgospel.com.br\/portal\/index.php\/wp-json\/wp\/v2\/types\/post"}],"author":[{"embeddable":true,"href":"https:\/\/dgospel.com.br\/portal\/index.php\/wp-json\/wp\/v2\/users\/2"}],"replies":[{"embeddable":true,"href":"https:\/\/dgospel.com.br\/portal\/index.php\/wp-json\/wp\/v2\/comments?post=7629"}],"version-history":[{"count":1,"href":"https:\/\/dgospel.com.br\/portal\/index.php\/wp-json\/wp\/v2\/posts\/7629\/revisions"}],"predecessor-version":[{"id":7631,"href":"https:\/\/dgospel.com.br\/portal\/index.php\/wp-json\/wp\/v2\/posts\/7629\/revisions\/7631"}],"wp:featuredmedia":[{"embeddable":true,"href":"https:\/\/dgospel.com.br\/portal\/index.php\/wp-json\/wp\/v2\/media\/7630"}],"wp:attachment":[{"href":"https:\/\/dgospel.com.br\/portal\/index.php\/wp-json\/wp\/v2\/media?parent=7629"}],"wp:term":[{"taxonomy":"category","embeddable":true,"href":"https:\/\/dgospel.com.br\/portal\/index.php\/wp-json\/wp\/v2\/categories?post=7629"},{"taxonomy":"post_tag","embeddable":true,"href":"https:\/\/dgospel.com.br\/portal\/index.php\/wp-json\/wp\/v2\/tags?post=7629"}],"curies":[{"name":"wp","href":"https:\/\/api.w.org\/{rel}","templated":true}]}}