{"id":7632,"date":"2021-02-20T09:51:29","date_gmt":"2021-02-20T12:51:29","guid":{"rendered":"http:\/\/dgospel.com.br\/portal\/?p=7632"},"modified":"2021-02-20T09:51:31","modified_gmt":"2021-02-20T12:51:31","slug":"veja-quais-evangelicos-votaram-pela-prisao-de-daniel-silveira","status":"publish","type":"post","link":"https:\/\/dgospel.com.br\/portal\/index.php\/2021\/02\/20\/veja-quais-evangelicos-votaram-pela-prisao-de-daniel-silveira\/","title":{"rendered":"Veja quais evang\u00e9licos votaram pela pris\u00e3o de Daniel Silveira"},"content":{"rendered":"\n<p>A C\u00e2mara dos Deputados votou, na noite desta sexta-feira (19), a pris\u00e3o do deputado federal Daniel Silveira (PSL-RJ). E com 364 votos, a Casa decidiu a favor de manter a pris\u00e3o do parlamentar. Outros 130 deputados votaram contra e tr\u00eas se abstiveram.<\/p>\n\n\n\n<p>O deputado foi preso na madrugada de quarta-feira (17) por ordem do ministro Alexandre de Moraes, horas depois de ter postado um v\u00eddeo com cr\u00edticas aos ministros do STF. A pris\u00e3o foi confirmada na quarta, por unanimidade, pelo plen\u00e1rio do Supremo.<\/p>\n\n\n\n<p>Entre os que votaram pela manuten\u00e7\u00e3o da pris\u00e3o de Daniel Silveira h\u00e1 diversos parlamentares que integram a bancada evang\u00e9lica da C\u00e2mara.<\/p>\n\n\n\n<p><strong>Confira a lista dos deputados da bancada evang\u00e9lica que votaram a favor da pris\u00e3o:<\/strong><\/p>\n\n\n\n<p>Ab\u00edlio Santana (PL-BA)<br>Aguinaldo Ribeiro (PP-PB)<br>Airton Faleiro (PT-PA)<br>Alcides Rodrigues (PATRIOTA-GO)<br>Alexandre Padilha (PT-SP)<br>Aline Gurgel (REPUBLICANOS-AP)<br>Altineu C\u00f4rtes (PL-RJ)<br>Andr\u00e9 Abdon (PP-AP)<br>Andr\u00e9 Ferreira (PSC-PE)<br>Antonio Brito (PSD-BA)<br>Aroldo Martins (REPUBLICANOS-PR)<br>Aureo Ribeiro (SOLIDARIEDADE-RJ)<br>Benedita da Silva (PT-RJ)<br>Benes Leoc\u00e1dio (REPUBLICANOS-RN)<br>Bozzella (PSL-SP)<br>Carlos Gomes (REPUBLICANOS-RS)<br>Carlos Gaguim (DEM-TO)<br>C\u00e1ssio Andrade (PSB-PA<br>Celina Le\u00e3o (PP-DF)<br>Celso Russomanno (REPUBLICANOS-SP)<br>Celso Sabino (PSDB-PA)<br>Cezinha Madureira (PSD-SP)<br>Charles Fernandes (PSD-BA)<br>Christino Aureo (PP-RJ)<br>Clarissa Garotinho (PROS-RJ)<br>Cleber Verde (REPUBLICANOS-MA)<br>Daniela Waguinho (MDB-RJ)<br>David Soares (DEM-SP)<br>Diego Andrade (PSD-MG)<br>Domingos Neto (PSD-CE)<br>Domingos S\u00e1vio (PSDB-MG)<br>Dr.Luiz Antonio Jr (PP-RJ)<br>Dra. Vanda Milani (SOLIDARIEDADE-AC)<br>Dulce Miranda (MDB-TO)<br>Edilazio Junior (PSD-MA)<br>Eduardo Barbosa (PSDB-MG)<br>Eli Corr\u00eaa Filho (DEM-SP)<br>Euclydes Pettersen (PSC-MG)<br>Evair de Melo (PP-ES)<br>Expedito Netto (PSD-RO)<br>F\u00e1bio Ramalho (MDB-MG)<br>F\u00e1bio Trad (PSD-MS)<br>Fausto Pinato (PP-SP)<br>FelipeFrancischini (PSL-PR)<br>Fernando Coelho (DEM-PE)<br>FernandoRodolfo (PL-PE)<br>Fl\u00e1via Arruda (PL-DF)<br>Fred Costa (PATRIOTA-MG)<br>Geovania de S\u00e1 (PSDB-SC)<br>Gilberto Abramo (REPUBLICANOS-MG)<br>Glaustin da Fokus (PSC-GO)<br>Greyce Elias (AVANTE-MG)<br>Gutemberg Reis (MDB-RJ)<br>Haroldo Cathedral (PSD-RR)<br>Herc\u00edlio Diniz (MDB-MG)<br>Hiran Gon\u00e7alves (PP-RR)<br>Iracema Portella (PP-PI)<br>Isnaldo Bulh\u00f5es Jr (MDB-AL)<br>Jesus S\u00e9rgio (PDT-AC)<br>Jhonatan de Jesus (REPUBLICANOS-RR)<br>Jo\u00e3o Campos (REPUBLICANOS-GO)<br>Jorge Braz (REPUBLICANOS-RJ)<br>Jos\u00e9 Nunes (PSD-BA)<br>Josimar Maranh\u00e3ozinho (PL-MA)<br>Juarez Costa (MDB-MT)<br>Julian Lemos (PSL-PB)<br>Julio Cesar Ribeiro (REPUBLICANOS-DF)<br>Juninho do Pneu (DEM-RJ)<br>J\u00fanior Ferrari (PSD-PA)<br>Laercio Oliveira (PP-SE)<br>Lourival Gomes (PSL-RJ)<br>Lucas Vergilio (SOLIDARIEDADE-GO)<br>Luis Miranda (DEM-DF)<br>Luiz Carlos (PSDB-AP)<br>Marcelo Ramos (PL-AM)<br>M\u00e1rcio Biolchi (MDB-RS)<br>M\u00e1rcio Marinho (REPUBLICANOS-BA)<br>Marco Bertaiolli (PSD-SP)<br>Marcos Pereira (REPUBLICANOS-SP)<br>Maria Rosas (REPUBLICANOS-SP)<br>Marreca Filho (PATRIOTA-MA)<br>Marx Beltr\u00e3o (PSD-AL)<br>Milton Vieira (REPUBLICANOS-SP)<br>Olival Marques (DEM-PA)<br>Ossesio Silva (REPUBLICANOS-PE)<br>Ottaci Nascimento (SOLIDARIEDADE-RR)<br>Otto Alencar (PSD-BA)<br>Pastor Isid\u00f3rio (AVANTE-BA)<br>Paulo Freire Costa (PL-SP)<br>Pinheirinho (PP-MG)<br>Professora Dayane (PSL-BA)<br>Rafael Motta (PSB-RN)<br>Rejane Dias (PT-PI)<br>Ricardo Guidi (PSD-SC)<br>Ricardo Izar (PP-SP)<br>Roberto Alves (REPUBLICANOS-SP)<br>Rodrigo Agostinho (PSB-SP)<br>Rosangela Gomes (REPUBLICANOS-RJ)<br>Rose Modesto (PSDB-MS)<br>Ruy Carneiro (PSDB-PB)<br>Sidney Leite (PSD-AM)<br>Silas C\u00e2mara (REPUBLICANOS-AM)<br>Soraya Santos (PL-RJ)<br>Tiago Dimas (SOLIDARIEDADE-TO)<br>Tito (AVANTE-BA)<br>Toninho Wandscheer (PROS-PR)<br>Valdevan Noventa (PL-SE)<br>Vanderlei Macris (PSDB-SP)<br>Vav\u00e1 Martins (REPUBLICANOS-PA)<br>Vermelho (PSD-PR)<br>Vinicius Carvalho (REPUBLICANOS-SP)<br>Vinicius Farah (MDB-RJ)<br>Wolney Queiroz (PDT-PE)<\/p>\n\n\n\n<p>A lista completa pode ser vista&nbsp;<a href=\"https:\/\/www.camara.leg.br\/presenca-comissoes\/votacao-portal?reuniao=60387\" target=\"_blank\" rel=\"noreferrer noopener\">aqui<\/a>.<\/p>\n","protected":false},"excerpt":{"rendered":"<p>A C\u00e2mara dos Deputados votou, na noite desta sexta-feira (19), a pris\u00e3o do deputado federal Daniel Silveira (PSL-RJ). E com 364 votos, a Casa decidiu a favor de manter a pris\u00e3o do parlamentar. Outros 130 deputados votaram contra e tr\u00eas se abstiveram. O deputado foi preso na madrugada de quarta-feira (17) por ordem do ministro [&hellip;]<\/p>\n","protected":false},"author":2,"featured_media":7633,"comment_status":"open","ping_status":"open","sticky":false,"template":"","format":"standard","meta":[],"categories":[8,4],"tags":[],"_links":{"self":[{"href":"https:\/\/dgospel.com.br\/portal\/index.php\/wp-json\/wp\/v2\/posts\/7632"}],"collection":[{"href":"https:\/\/dgospel.com.br\/portal\/index.php\/wp-json\/wp\/v2\/posts"}],"about":[{"href":"https:\/\/dgospel.com.br\/portal\/index.php\/wp-json\/wp\/v2\/types\/post"}],"author":[{"embeddable":true,"href":"https:\/\/dgospel.com.br\/portal\/index.php\/wp-json\/wp\/v2\/users\/2"}],"replies":[{"embeddable":true,"href":"https:\/\/dgospel.com.br\/portal\/index.php\/wp-json\/wp\/v2\/comments?post=7632"}],"version-history":[{"count":1,"href":"https:\/\/dgospel.com.br\/portal\/index.php\/wp-json\/wp\/v2\/posts\/7632\/revisions"}],"predecessor-version":[{"id":7634,"href":"https:\/\/dgospel.com.br\/portal\/index.php\/wp-json\/wp\/v2\/posts\/7632\/revisions\/7634"}],"wp:featuredmedia":[{"embeddable":true,"href":"https:\/\/dgospel.com.br\/portal\/index.php\/wp-json\/wp\/v2\/media\/7633"}],"wp:attachment":[{"href":"https:\/\/dgospel.com.br\/portal\/index.php\/wp-json\/wp\/v2\/media?parent=7632"}],"wp:term":[{"taxonomy":"category","embeddable":true,"href":"https:\/\/dgospel.com.br\/portal\/index.php\/wp-json\/wp\/v2\/categories?post=7632"},{"taxonomy":"post_tag","embeddable":true,"href":"https:\/\/dgospel.com.br\/portal\/index.php\/wp-json\/wp\/v2\/tags?post=7632"}],"curies":[{"name":"wp","href":"https:\/\/api.w.org\/{rel}","templated":true}]}}